{"id":9468,"date":"2016-09-28T17:00:49","date_gmt":"2016-09-28T15:00:49","guid":{"rendered":"http:\/\/www.amt.genova.it\/amt\/?p=9468"},"modified":"2025-05-16T14:05:37","modified_gmt":"2025-05-16T12:05:37","slug":"9468-2","status":"publish","type":"post","link":"https:\/\/www.amt.genova.it\/amt\/9468-2\/","title":{"rendered":"Orario invernale ferrovia Genova &#8211; Casella"},"content":{"rendered":"<p>Si informa che a partire <strong>da luned\u00ec 3 ottobre 2016<\/strong> fino a venerd\u00ec 31 marzo 2017 sar\u00e0 in vigore l\u2019o<strong>rario invernale della Ferrovia Genova - Casella<\/strong>. Si riporta di seguito l\u2019<strong>orario completo<\/strong>.<\/p>\n<p><strong>Orario feriale (dal luned\u00ec al venerd\u00ec) in vigore da luned\u00ec 3 ottobre 2016<\/strong><br \/>\n- <strong>Partenze da Genova<\/strong><br \/>\n7.37 - 9.01 -10.30 - 12.02 -13.22 - 14.23 - 16.40 - 18.00 - 19.35.<br \/>\n- <strong>Partenze da Casella<\/strong><br \/>\n6.20 - 7.27 - 8.50 - 10.39 - 13.12 - 14.55 - 16.30 - 18.08 - 19.16.<\/p>\n<p><strong>Orario del sabato e festivo in vigore da sabato 8 ottobre 2016<\/strong><br \/>\n- <strong>Partenze da Genova<\/strong><br \/>\n9.00 - 10.20\u00a0 -11.58 \u2013 13.10* -\u00a0 14.43 - 16.15 - 17.25 - 18.55.<br \/>\n* corsa festiva (non si effettua il sabato)<br \/>\n-<strong> Partenze da Casella<\/strong><br \/>\n7.35 -10.30 - 13.18 - 14.50 - 16.05 - 17.32 - 18.45.<\/p>\n ","protected":false},"excerpt":{"rendered":"Si informa che a partire da luned\u00ec 3 ottobre 2016 fino a venerd\u00ec 31 marzo 2017 sar\u00e0 in vigore l\u2019orario invernale della Ferrovia Genova - Casella. Si riporta di seguito l\u2019orario completo. Orario feriale (dal luned\u00ec al venerd\u00ec) in vigore da luned\u00ec 3 ottobre 2016 - Partenze da Genova 7.37 - 9.01 -10.30 - 12.02 -13.22 - 14.23 - 16.40&nbsp;<a href=\"https:\/\/www.amt.genova.it\/amt\/9468-2\/\" class=\"read-more\">Continue Reading<\/a>","protected":false},"author":2,"featured_media":7379,"comment_status":"open","ping_status":"open","sticky":false,"template":"","format":"standard","meta":{"footnotes":""},"categories":[4],"tags":[],"class_list":["post-9468","post","type-post","status-publish","format-standard","has-post-thumbnail","hentry","category-notizie","cat-4-id"],"_links":{"self":[{"href":"https:\/\/www.amt.genova.it\/amt\/wp-json\/wp\/v2\/posts\/9468","targetHints":{"allow":["GET"]}}],"collection":[{"href":"https:\/\/www.amt.genova.it\/amt\/wp-json\/wp\/v2\/posts"}],"about":[{"href":"https:\/\/www.amt.genova.it\/amt\/wp-json\/wp\/v2\/types\/post"}],"author":[{"embeddable":true,"href":"https:\/\/www.amt.genova.it\/amt\/wp-json\/wp\/v2\/users\/2"}],"replies":[{"embeddable":true,"href":"https:\/\/www.amt.genova.it\/amt\/wp-json\/wp\/v2\/comments?post=9468"}],"version-history":[{"count":6,"href":"https:\/\/www.amt.genova.it\/amt\/wp-json\/wp\/v2\/posts\/9468\/revisions"}],"predecessor-version":[{"id":9714,"href":"https:\/\/www.amt.genova.it\/amt\/wp-json\/wp\/v2\/posts\/9468\/revisions\/9714"}],"wp:featuredmedia":[{"embeddable":true,"href":"https:\/\/www.amt.genova.it\/amt\/wp-json\/wp\/v2\/media\/7379"}],"wp:attachment":[{"href":"https:\/\/www.amt.genova.it\/amt\/wp-json\/wp\/v2\/media?parent=9468"}],"wp:term":[{"taxonomy":"category","embeddable":true,"href":"https:\/\/www.amt.genova.it\/amt\/wp-json\/wp\/v2\/categories?post=9468"},{"taxonomy":"post_tag","embeddable":true,"href":"https:\/\/www.amt.genova.it\/amt\/wp-json\/wp\/v2\/tags?post=9468"}],"curies":[{"name":"wp","href":"https:\/\/api.w.org\/{rel}","templated":true}]}}