{"id":54526,"date":"2026-09-03T11:08:24","date_gmt":"2026-09-03T09:08:24","guid":{"rendered":"https:\/\/www.amt.genova.it\/amt\/?p=54526"},"modified":"2026-09-03T11:08:24","modified_gmt":"2026-09-03T09:08:24","slug":"linea-65-limitazione-temporanea-di-percorso-da-venerdi-4-a-domenica-6-settembre","status":"publish","type":"post","link":"https:\/\/www.amt.genova.it\/amt\/linea-65-limitazione-temporanea-di-percorso-da-venerdi-4-a-domenica-6-settembre\/","title":{"rendered":"Linea 65 limitazione temporanea di percorso da venerd\u00ec 4 a domenica 6 settembre"},"content":{"rendered":"<p>A seguito delle modifiche alla viabilit\u00e0 a San Cipriano, per consentire lo svolgimento della 15esima Fiera del Bestiame, <strong>dalle ore 14.00 di venerd\u00ec 4 settembre a fine servizio di domenica 6 settembre, <\/strong>la <strong>linea 65<\/strong> sar\u00e0 limitata all\u2019incrocio tra via Carli e via Profumo ed effettuer\u00e0 capolinea provvisorio nell\u2019area appositamente predisposta.<\/p>\n<p>Le partenze da San Cipriano saranno posticipate di circa 3 minuti rispetto agli orari programmati.<\/p>\n ","protected":false},"excerpt":{"rendered":"A seguito delle modifiche alla viabilit\u00e0 a San Cipriano, per consentire lo svolgimento della 15esima Fiera del Bestiame, dalle ore 14.00 di venerd\u00ec 4 settembre a fine servizio di domenica 6 settembre, la linea 65 sar\u00e0 limitata all\u2019incrocio tra via Carli e via Profumo ed effettuer\u00e0 capolinea provvisorio nell\u2019area appositamente predisposta. Le partenze da San Cipriano saranno posticipate di circa&nbsp;<a href=\"https:\/\/www.amt.genova.it\/amt\/linea-65-limitazione-temporanea-di-percorso-da-venerdi-4-a-domenica-6-settembre\/\" class=\"read-more\">Continue Reading<\/a>","protected":false},"author":2,"featured_media":50263,"comment_status":"closed","ping_status":"closed","sticky":false,"template":"","format":"standard","meta":{"footnotes":""},"categories":[56,4,64],"tags":[209,72],"class_list":["post-54526","post","type-post","status-publish","format-standard","has-post-thumbnail","hentry","category-homepage","category-notizie","category-urbano","tag-209","tag-variazione-percorsi-bus","cat-56-id","cat-4-id","cat-64-id"],"_links":{"self":[{"href":"https:\/\/www.amt.genova.it\/amt\/wp-json\/wp\/v2\/posts\/54526","targetHints":{"allow":["GET"]}}],"collection":[{"href":"https:\/\/www.amt.genova.it\/amt\/wp-json\/wp\/v2\/posts"}],"about":[{"href":"https:\/\/www.amt.genova.it\/amt\/wp-json\/wp\/v2\/types\/post"}],"author":[{"embeddable":true,"href":"https:\/\/www.amt.genova.it\/amt\/wp-json\/wp\/v2\/users\/2"}],"replies":[{"embeddable":true,"href":"https:\/\/www.amt.genova.it\/amt\/wp-json\/wp\/v2\/comments?post=54526"}],"version-history":[{"count":1,"href":"https:\/\/www.amt.genova.it\/amt\/wp-json\/wp\/v2\/posts\/54526\/revisions"}],"predecessor-version":[{"id":54527,"href":"https:\/\/www.amt.genova.it\/amt\/wp-json\/wp\/v2\/posts\/54526\/revisions\/54527"}],"wp:featuredmedia":[{"embeddable":true,"href":"https:\/\/www.amt.genova.it\/amt\/wp-json\/wp\/v2\/media\/50263"}],"wp:attachment":[{"href":"https:\/\/www.amt.genova.it\/amt\/wp-json\/wp\/v2\/media?parent=54526"}],"wp:term":[{"taxonomy":"category","embeddable":true,"href":"https:\/\/www.amt.genova.it\/amt\/wp-json\/wp\/v2\/categories?post=54526"},{"taxonomy":"post_tag","embeddable":true,"href":"https:\/\/www.amt.genova.it\/amt\/wp-json\/wp\/v2\/tags?post=54526"}],"curies":[{"name":"wp","href":"https:\/\/api.w.org\/{rel}","templated":true}]}}