{"id":53292,"date":"2026-05-03T16:22:34","date_gmt":"2026-05-03T14:22:34","guid":{"rendered":"https:\/\/www.amt.genova.it\/amt\/?p=53292"},"modified":"2026-05-03T16:22:34","modified_gmt":"2026-05-03T14:22:34","slug":"linee-bus-extraurbane-variazioni-di-percorso-e-capolinea-alla-piastra-di-marassi-dal-4-maggio","status":"publish","type":"post","link":"https:\/\/www.amt.genova.it\/amt\/linee-bus-extraurbane-variazioni-di-percorso-e-capolinea-alla-piastra-di-marassi-dal-4-maggio\/","title":{"rendered":"Linee bus extraurbane: variazioni di percorso e capolinea alla piastra di Marassi dal 4 maggio"},"content":{"rendered":"<p>Il capolinea delle linee extraurbane <strong>702, 715, 725, 726, 727, 728, 774, 775\u00a0<\/strong>e<strong> 776<\/strong>, come gi\u00e0 comunicato, verr\u00e0 temporaneamente spostato <strong>da luned\u00ec 4 maggio<\/strong> sulla piastra di Marassi (compresa tra via Angeli del Fango e via Spensley). Il provvedimento sar\u00e0 in vigore <strong>fino a marted\u00ec 12 maggio<\/strong> (e comunque fino a cessate esigenze).\u00a0 Le linee sopra riportate saranno interessate dalle seguenti modifiche.<\/p>\n<ul>\n<li><strong>Linee 702 e 727: da luned\u00ec 4 a gioved\u00ec 7 maggio e da luned\u00ec 11 a marted\u00ec 12 maggio<\/strong><\/li>\n<\/ul>\n<p><strong>Direzione Rossiglione\/Bromia:<\/strong>\u00a0i bus, in partenza dalla piastra di Marassi, transiteranno davanti alla stazione Brignole ed effettueranno fermata in via Fiume (angolo via XX Settembre); giunti in via XX Settembre, proseguiranno per via V Dicembre, via Vernazza, via XII Ottobre, piazza Corvetto dove riprenderanno percorso regolare.\u00a0<strong>Direzione Genova Brignole:<\/strong>\u00a0i bus giunti in piazza Verdi (ultima fermata) proseguiranno ed effettueranno capolinea provvisorio sulla piastra di Marassi.<\/p>\n<ul>\n<li><strong>Linea 702: venerd\u00ec 8 maggio<\/strong><\/li>\n<\/ul>\n<p><strong>Direzione Rossiglione:<\/strong>\u00a0i bus, in partenza dalla piastra di Marassi, effettueranno la fermata provvisoria di viale Duca d\u2019Aosta e proseguiranno verso Caricamento, via Delle Fontane, via Balbi, dove riprenderanno regolare percorso.\u00a0<strong>Direzione Genova Brignole:<\/strong>\u00a0i bus, giunti in piazza Verdi (ultima fermata) proseguiranno per il capolinea provvisorio (piastra di Marassi).<\/p>\n<ul>\n<li><strong>Linea 727: venerd\u00ec 8 e sabato 9 maggio<\/strong><\/li>\n<\/ul>\n<p><strong>Direzione Bromia:<\/strong>\u00a0i bus, in partenza dalla piastra, effettueranno la fermata provvisoria di viale Duca d\u2019Aosta e proseguiranno verso Caricamento, via Delle Fontane, via Balbi, dove riprenderanno regolare percorso.\u00a0<strong>Direzione Genova Brignole:<\/strong>\u00a0i bus, giunti in piazza Verdi (ultima fermata di discesa) proseguiranno ed effettueranno capolinea provvisorio sulla piastra di Marassi.<\/p>\n<ul>\n<li><strong>Linea 727: domenica 10 maggio<\/strong><\/li>\n<\/ul>\n<p>Da inizio servizio, la linea 727 effettuer\u00e0 arrivi e partenze dal capolinea provvisorio di piazza Principe-stazione FS.<\/p>\n<ul>\n<li><strong>Linee 715, 725, 726 e 728: da luned\u00ec 4 a marted\u00ec 12 maggio<\/strong><\/li>\n<\/ul>\n<p><strong>Direzione Centro:<\/strong>\u00a0i bus percorreranno via Canevari ed effettueranno l\u2019ultima fermata in Canevari 2\/piazza Firpo, per poi attestarsi sul capolinea provvisorio della piastra di Marassi.\u00a0<strong>Direzione monte:<\/strong>\u00a0i bus, in partenza dalla piastra, percorreranno via Canevari e proseguiranno per via Moresco dove effettueranno le regolari fermate.<\/p>\n<ul>\n<li><strong>Linee 774, 775 e 776: da luned\u00ec 4 a marted\u00ec 12 maggio<\/strong><\/li>\n<\/ul>\n<p><strong>Direzione Levante:<\/strong>\u00a0i bus, in partenza dalla piastra di Marassi, effettueranno la fermata provvisoria di via Tommaso Invrea, dove riprenderanno regolare percorso.\u00a0<strong>Direzione Genova Brignole:<\/strong>\u00a0i bus, giunti in via Tolemaide, effettueranno l\u2019ultima fermata, proseguiranno per via Canevari ed effettueranno capolinea provvisorio sulla piastra di Marassi.<\/p>\n<p>Il capolinea provvisorio della\u00a0<strong>piastra di Marassi<\/strong>\u00a0\u00e8 servito dalle\u00a0<strong>linee urbane 13 e 14<\/strong>\u00a0con le quali si pu\u00f2 interscambiare alla\u00a0<strong>fermata Bobbio 5\/Stadio<\/strong>\u00a0in direzione Brignole e alla\u00a0<strong>fermata Bobbio 1\/scalinata Montaldo\u00a0<\/strong>in direzione Prato.<\/p>\n<p>A seguito del temporaneo spostamento del capolinea delle linee extraurbane da viale Caviglia alla piastra di Marassi, i clienti in possesso di\u00a0<strong>titoli di viaggio provinciali<\/strong>\u00a0potranno utilizzare i servizi di linea urbani sulla\u00a0<strong>tratta Marassi-Brignole da luned\u00ec 4 a marted\u00ec 12 maggio<\/strong>.<\/p>\n<p>Per tutte le info sul servizio AMT durante l'Adunata degli Alpini <a href=\"https:\/\/www.amt.genova.it\/amt\/home\/adunata-alpini-8-9-e-10-maggio-2026\/\">clicca qui<\/a><\/p>\n ","protected":false},"excerpt":{"rendered":"Il capolinea delle linee extraurbane 702, 715, 725, 726, 727, 728, 774, 775\u00a0e 776, come gi\u00e0 comunicato, verr\u00e0 temporaneamente spostato da luned\u00ec 4 maggio sulla piastra di Marassi (compresa tra via Angeli del Fango e via Spensley). Il provvedimento sar\u00e0 in vigore fino a marted\u00ec 12 maggio (e comunque fino a cessate esigenze).\u00a0 Le linee sopra riportate saranno interessate dalle&nbsp;<a href=\"https:\/\/www.amt.genova.it\/amt\/linee-bus-extraurbane-variazioni-di-percorso-e-capolinea-alla-piastra-di-marassi-dal-4-maggio\/\" class=\"read-more\">Continue Reading<\/a>","protected":false},"author":2,"featured_media":53233,"comment_status":"closed","ping_status":"closed","sticky":false,"template":"","format":"standard","meta":{"footnotes":""},"categories":[56,4,65],"tags":[],"class_list":["post-53292","post","type-post","status-publish","format-standard","has-post-thumbnail","hentry","category-homepage","category-notizie","category-provinciale","cat-56-id","cat-4-id","cat-65-id"],"_links":{"self":[{"href":"https:\/\/www.amt.genova.it\/amt\/wp-json\/wp\/v2\/posts\/53292","targetHints":{"allow":["GET"]}}],"collection":[{"href":"https:\/\/www.amt.genova.it\/amt\/wp-json\/wp\/v2\/posts"}],"about":[{"href":"https:\/\/www.amt.genova.it\/amt\/wp-json\/wp\/v2\/types\/post"}],"author":[{"embeddable":true,"href":"https:\/\/www.amt.genova.it\/amt\/wp-json\/wp\/v2\/users\/2"}],"replies":[{"embeddable":true,"href":"https:\/\/www.amt.genova.it\/amt\/wp-json\/wp\/v2\/comments?post=53292"}],"version-history":[{"count":1,"href":"https:\/\/www.amt.genova.it\/amt\/wp-json\/wp\/v2\/posts\/53292\/revisions"}],"predecessor-version":[{"id":53293,"href":"https:\/\/www.amt.genova.it\/amt\/wp-json\/wp\/v2\/posts\/53292\/revisions\/53293"}],"wp:featuredmedia":[{"embeddable":true,"href":"https:\/\/www.amt.genova.it\/amt\/wp-json\/wp\/v2\/media\/53233"}],"wp:attachment":[{"href":"https:\/\/www.amt.genova.it\/amt\/wp-json\/wp\/v2\/media?parent=53292"}],"wp:term":[{"taxonomy":"category","embeddable":true,"href":"https:\/\/www.amt.genova.it\/amt\/wp-json\/wp\/v2\/categories?post=53292"},{"taxonomy":"post_tag","embeddable":true,"href":"https:\/\/www.amt.genova.it\/amt\/wp-json\/wp\/v2\/tags?post=53292"}],"curies":[{"name":"wp","href":"https:\/\/api.w.org\/{rel}","templated":true}]}}