{"id":53199,"date":"2026-04-29T13:41:52","date_gmt":"2026-04-29T11:41:52","guid":{"rendered":"https:\/\/www.amt.genova.it\/amt\/?p=53199"},"modified":"2026-04-28T13:43:08","modified_gmt":"2026-04-28T11:43:08","slug":"linee-amt-per-lincontro-di-calcio-sampdoria-sudtirol-3","status":"publish","type":"post","link":"https:\/\/www.amt.genova.it\/amt\/linee-amt-per-lincontro-di-calcio-sampdoria-sudtirol-3\/","title":{"rendered":"Linee AMT per l\u2019incontro di calcio Sampdoria-S\u00fcdtirol"},"content":{"rendered":"<p>In occasione dell\u2019incontro di calcio <strong>Sampdoria-S\u00fcdtirol<\/strong>, in programma <strong>venerd\u00ec 1 maggio alle ore 15.00<\/strong> allo stadio Luigi Ferraris, sar\u00e0 attivo il servizio delle linee <strong>BM<\/strong> (Molassana - Stadio) con arrivo a piazzale Marassi, <strong>CM<\/strong> (Caricamento - Stadio) e <strong>KM<\/strong> (via Rimassa - Stadio) con arrivo a via Bonifacio, <strong>SM<\/strong> (piazza Acquaverde - Stadio) con arrivo in via Monticelli.<\/p>\n<p>Ecco in dettaglio gli orari delle linee:<\/p>\n<p><strong>BM corse da Molassana:<\/strong><br \/>\n13.00 13.20 13.35 13.55 14.10 14.30 14.45<\/p>\n<p><strong>CM corse da Caricamento:<\/strong><br \/>\n13.00 13.15 13.35 13.50 14.10 14.25 14.45<\/p>\n<p><strong>KM corse da via Rimassa:<\/strong><br \/>\n13.00 13.10 13.20 13.30 13.40 13.50 14.00 14.10 14.20 14.30 14.40 14.50<\/p>\n<p><strong>SM corse da piazza Acquaverde:<\/strong><br \/>\n13.00 13.10 13.20 13.30 13.40 13.50 14.00 14.10 14.20 14.30 14.40 14.50<\/p>\n<p>Al termine dell\u2019incontro saranno in funzione le stesse linee speciali in partenza da via Monticelli, via Bonifacio e piazzale Marassi. Ricordiamo le altre principali linee transitanti in zona Stadio: <strong>13<\/strong> (Prato - Caricamento), <strong>37<\/strong> (via dei Platani - De Ferrari\/via Dante), <strong>48<\/strong> (Molassana - PS San Martino), <strong>82<\/strong> (Quezzi - Brignole), <strong>480<\/strong> (Brignole - Sant\u2019Eusebio) e <strong>482<\/strong> (Brignole - Sant\u2019Eusebio).<\/p>\n ","protected":false},"excerpt":{"rendered":"In occasione dell\u2019incontro di calcio Sampdoria-S\u00fcdtirol, in programma venerd\u00ec 1 maggio alle ore 15.00 allo stadio Luigi Ferraris, sar\u00e0 attivo il servizio delle linee BM (Molassana - Stadio) con arrivo a piazzale Marassi, CM (Caricamento - Stadio) e KM (via Rimassa - Stadio) con arrivo a via Bonifacio, SM (piazza Acquaverde - Stadio) con arrivo in via Monticelli. Ecco in&nbsp;<a href=\"https:\/\/www.amt.genova.it\/amt\/linee-amt-per-lincontro-di-calcio-sampdoria-sudtirol-3\/\" class=\"read-more\">Continue Reading<\/a>","protected":false},"author":2,"featured_media":34871,"comment_status":"closed","ping_status":"closed","sticky":false,"template":"","format":"standard","meta":{"footnotes":""},"categories":[56,4,64],"tags":[78],"class_list":["post-53199","post","type-post","status-publish","format-standard","has-post-thumbnail","hentry","category-homepage","category-notizie","category-urbano","tag-servizio-stadio","cat-56-id","cat-4-id","cat-64-id"],"_links":{"self":[{"href":"https:\/\/www.amt.genova.it\/amt\/wp-json\/wp\/v2\/posts\/53199","targetHints":{"allow":["GET"]}}],"collection":[{"href":"https:\/\/www.amt.genova.it\/amt\/wp-json\/wp\/v2\/posts"}],"about":[{"href":"https:\/\/www.amt.genova.it\/amt\/wp-json\/wp\/v2\/types\/post"}],"author":[{"embeddable":true,"href":"https:\/\/www.amt.genova.it\/amt\/wp-json\/wp\/v2\/users\/2"}],"replies":[{"embeddable":true,"href":"https:\/\/www.amt.genova.it\/amt\/wp-json\/wp\/v2\/comments?post=53199"}],"version-history":[{"count":1,"href":"https:\/\/www.amt.genova.it\/amt\/wp-json\/wp\/v2\/posts\/53199\/revisions"}],"predecessor-version":[{"id":53200,"href":"https:\/\/www.amt.genova.it\/amt\/wp-json\/wp\/v2\/posts\/53199\/revisions\/53200"}],"wp:featuredmedia":[{"embeddable":true,"href":"https:\/\/www.amt.genova.it\/amt\/wp-json\/wp\/v2\/media\/34871"}],"wp:attachment":[{"href":"https:\/\/www.amt.genova.it\/amt\/wp-json\/wp\/v2\/media?parent=53199"}],"wp:term":[{"taxonomy":"category","embeddable":true,"href":"https:\/\/www.amt.genova.it\/amt\/wp-json\/wp\/v2\/categories?post=53199"},{"taxonomy":"post_tag","embeddable":true,"href":"https:\/\/www.amt.genova.it\/amt\/wp-json\/wp\/v2\/tags?post=53199"}],"curies":[{"name":"wp","href":"https:\/\/api.w.org\/{rel}","templated":true}]}}