{"id":53074,"date":"2026-04-21T17:10:49","date_gmt":"2026-04-21T15:10:49","guid":{"rendered":"https:\/\/www.amt.genova.it\/amt\/?p=53074"},"modified":"2026-04-21T17:10:49","modified_gmt":"2026-04-21T15:10:49","slug":"amt-voce-del-verbo-viaggiare-sostenibile-al-via-la-quarta-edizione-del-progetto","status":"publish","type":"post","link":"https:\/\/www.amt.genova.it\/amt\/amt-voce-del-verbo-viaggiare-sostenibile-al-via-la-quarta-edizione-del-progetto\/","title":{"rendered":"&#8220;AMT: voce del verbo viaggiare sostenibile&#8221;: al via la quarta edizione del progetto"},"content":{"rendered":"<p>Ha preso il via la quarta edizione del progetto \u201c<strong>AMT: voce del verbo viaggiare sostenibile<\/strong>\u201d, realizzato in collaborazione con il<strong> Comune di Genova <\/strong>e l\u2019<strong>Ufficio Scolastico Regionale<\/strong>.<\/p>\n<p>Rivolto alle <strong>scuole primarie e secondarie della Citt\u00e0 Metropolitana di Genova<\/strong>, il progetto coinvolger\u00e0 quest\u2019anno <strong>12 classi<\/strong>, offrendo loro l\u2019opportunit\u00e0 di conoscere da vicino il complesso sistema del trasporto pubblico locale. Il percorso prevede visite ai poli elettrici di Mangini e Cornigliano e al centro operativo di AMT, da cui gli operatori monitorano e gestiscono l\u2019intera rete urbana su gomma.<\/p>\n<p>A supporto delle visite nei siti aziendali, il progetto prevede anche la distribuzione di brochure dedicate, ricche di informazioni e curiosit\u00e0 su AMT e sul Tpl, oltre a giochi e attivit\u00e0 pensate per favorire un apprendimento coinvolgente e consapevole sull\u2019importanza del \u201c<strong>viaggiare sostenibile<\/strong>\u201d.<\/p>\n<p>Proprio per avvicinare le giovani generazioni al trasporto pubblico come scelta virtuosa di spostamento, il materiale didattico viene distribuito non solo alle classi partecipanti alle visite, ma anche a una pi\u00f9 ampia rete di scuole genovesi: l\u2019obiettivo \u00e8 <strong>coinvolgere<\/strong> il maggior numero possibile di alunni e alunne nell\u2019iniziativa di AMT, dando loro la possibilit\u00e0 di sviluppare in classe, con il supporto del corpo docente, attivit\u00e0 e confronti dedicati al tema del Tpl.<\/p>\n<p>E come ogni anno, al termine del progetto, alunni e alunne mettono alla prova la propria <strong>creativit\u00e0<\/strong> partecipando a una <strong>challenge grafica su un argomento legato al mondo del trasporto pubblico<\/strong>.<\/p>\n<p>La challenge di quest\u2019anno \u00e8 dedicato alla <strong>sostenibilit\u00e0 del Tpl<\/strong>, mentre nella precedente edizione i lavori delle classi coinvolte si sono concentrati sulle buone pratiche di comportamento a bordo: la scelta delle migliori creazioni, che vengono pubblicate sul sito e sui social di AMT, si \u00e8 rivelata difficile, perch\u00e9 i giovani partecipanti hanno dato prova di grande creativit\u00e0 e capacit\u00e0 artistica. <strong>Ecco i vincitori dell\u2019edizione 2024-2025:<\/strong><\/p>\n\n\t\t<style type=\"text\/css\">\n\t\t\t#gallery-1 {\n\t\t\t\tmargin: auto;\n\t\t\t}\n\t\t\t#gallery-1 .gallery-item {\n\t\t\t\tfloat: left;\n\t\t\t\tmargin-top: 10px;\n\t\t\t\ttext-align: center;\n\t\t\t\twidth: 50%;\n\t\t\t}\n\t\t\t#gallery-1 img {\n\t\t\t\tborder: 2px solid #cfcfcf;\n\t\t\t}\n\t\t\t#gallery-1 .gallery-caption {\n\t\t\t\tmargin-left: 0;\n\t\t\t}\n\t\t\t\/* see gallery_shortcode() in wp-includes\/media.php *\/\n\t\t<\/style>\n\t\t<div id='gallery-1' class='gallery galleryid-53074 gallery-columns-2 gallery-size-medium'><dl class='gallery-item'>\n\t\t\t<dt class='gallery-icon landscape'>\n\t\t\t\t<a href='https:\/\/www.amt.genova.it\/amt\/wp-content\/uploads\/2026\/04\/1.png'><img loading=\"lazy\" decoding=\"async\" width=\"300\" height=\"251\" src=\"https:\/\/www.amt.genova.it\/amt\/wp-content\/uploads\/2026\/04\/1-300x251.png\" class=\"attachment-medium size-medium\" alt=\"\" srcset=\"https:\/\/www.amt.genova.it\/amt\/wp-content\/uploads\/2026\/04\/1-300x251.png 300w, https:\/\/www.amt.genova.it\/amt\/wp-content\/uploads\/2026\/04\/1-768x644.png 768w, https:\/\/www.amt.genova.it\/amt\/wp-content\/uploads\/2026\/04\/1.png 940w\" sizes=\"auto, (max-width: 300px) 100vw, 300px\" \/><\/a>\n\t\t\t<\/dt><\/dl><dl class='gallery-item'>\n\t\t\t<dt class='gallery-icon landscape'>\n\t\t\t\t<a href='https:\/\/www.amt.genova.it\/amt\/wp-content\/uploads\/2026\/04\/2.png'><img loading=\"lazy\" decoding=\"async\" width=\"300\" height=\"251\" src=\"https:\/\/www.amt.genova.it\/amt\/wp-content\/uploads\/2026\/04\/2-300x251.png\" class=\"attachment-medium size-medium\" alt=\"\" srcset=\"https:\/\/www.amt.genova.it\/amt\/wp-content\/uploads\/2026\/04\/2-300x251.png 300w, https:\/\/www.amt.genova.it\/amt\/wp-content\/uploads\/2026\/04\/2-768x644.png 768w, https:\/\/www.amt.genova.it\/amt\/wp-content\/uploads\/2026\/04\/2.png 940w\" sizes=\"auto, (max-width: 300px) 100vw, 300px\" \/><\/a>\n\t\t\t<\/dt><\/dl><br style=\"clear: both\" \/>\n\t\t<\/div>\n\n ","protected":false},"excerpt":{"rendered":"Ha preso il via la quarta edizione del progetto \u201cAMT: voce del verbo viaggiare sostenibile\u201d, realizzato in collaborazione con il Comune di Genova e l\u2019Ufficio Scolastico Regionale. Rivolto alle scuole primarie e secondarie della Citt\u00e0 Metropolitana di Genova, il progetto coinvolger\u00e0 quest\u2019anno 12 classi, offrendo loro l\u2019opportunit\u00e0 di conoscere da vicino il complesso sistema del trasporto pubblico locale. Il percorso&nbsp;<a href=\"https:\/\/www.amt.genova.it\/amt\/amt-voce-del-verbo-viaggiare-sostenibile-al-via-la-quarta-edizione-del-progetto\/\" class=\"read-more\">Continue Reading<\/a>","protected":false},"author":2,"featured_media":53076,"comment_status":"closed","ping_status":"closed","sticky":false,"template":"","format":"standard","meta":{"footnotes":""},"categories":[56,4],"tags":[],"class_list":["post-53074","post","type-post","status-publish","format-standard","has-post-thumbnail","hentry","category-homepage","category-notizie","cat-56-id","cat-4-id"],"_links":{"self":[{"href":"https:\/\/www.amt.genova.it\/amt\/wp-json\/wp\/v2\/posts\/53074","targetHints":{"allow":["GET"]}}],"collection":[{"href":"https:\/\/www.amt.genova.it\/amt\/wp-json\/wp\/v2\/posts"}],"about":[{"href":"https:\/\/www.amt.genova.it\/amt\/wp-json\/wp\/v2\/types\/post"}],"author":[{"embeddable":true,"href":"https:\/\/www.amt.genova.it\/amt\/wp-json\/wp\/v2\/users\/2"}],"replies":[{"embeddable":true,"href":"https:\/\/www.amt.genova.it\/amt\/wp-json\/wp\/v2\/comments?post=53074"}],"version-history":[{"count":9,"href":"https:\/\/www.amt.genova.it\/amt\/wp-json\/wp\/v2\/posts\/53074\/revisions"}],"predecessor-version":[{"id":53086,"href":"https:\/\/www.amt.genova.it\/amt\/wp-json\/wp\/v2\/posts\/53074\/revisions\/53086"}],"wp:featuredmedia":[{"embeddable":true,"href":"https:\/\/www.amt.genova.it\/amt\/wp-json\/wp\/v2\/media\/53076"}],"wp:attachment":[{"href":"https:\/\/www.amt.genova.it\/amt\/wp-json\/wp\/v2\/media?parent=53074"}],"wp:term":[{"taxonomy":"category","embeddable":true,"href":"https:\/\/www.amt.genova.it\/amt\/wp-json\/wp\/v2\/categories?post=53074"},{"taxonomy":"post_tag","embeddable":true,"href":"https:\/\/www.amt.genova.it\/amt\/wp-json\/wp\/v2\/tags?post=53074"}],"curies":[{"name":"wp","href":"https:\/\/api.w.org\/{rel}","templated":true}]}}