{"id":52063,"date":"2026-01-09T15:00:06","date_gmt":"2026-01-09T14:00:06","guid":{"rendered":"https:\/\/www.amt.genova.it\/amt\/?p=52063"},"modified":"2026-01-16T08:24:18","modified_gmt":"2026-01-16T07:24:18","slug":"metropolitana-il-programma-delle-attivita-di-manutenzione-serale-da-lunedi-12-a-giovedi-15-gennaio","status":"publish","type":"post","link":"https:\/\/www.amt.genova.it\/amt\/metropolitana-il-programma-delle-attivita-di-manutenzione-serale-da-lunedi-12-a-giovedi-15-gennaio\/","title":{"rendered":"Metropolitana: il programma delle attivit\u00e0 di manutenzione serale da luned\u00ec 12 a gioved\u00ec 15 gennaio"},"content":{"rendered":"<p>Il piano di manutenzione serale della metropolitana della settimana prevede fasi di test sui nuovi treni in consegna, il pre-esercizio in fuori servizio dei nuovi treni gi\u00e0 collaudati e le attivit\u00e0 di manutenzione all\u2019armamento ferroviario.<\/p>\n<p>Per consentire l\u2019effettuazione dei lavori \u00e8 prevista la chiusura anticipata della metro con le seguenti modalit\u00e0:<\/p>\n<ul>\n<li><strong>Luned\u00ec 12 gennaio<\/strong> le ultime partenze saranno <strong>alle ore 21.50 da Brin<\/strong> per Brignole e <strong>alle ore 22.12 da Brignole<\/strong> per Brin<\/li>\n<li><strong>Marted\u00ec 13, mercoled\u00ec 14 e gioved\u00ec 15 gennaio<\/strong> le <strong>ultime partenze<\/strong> saranno <strong>alle ore 21.10 da Brin<\/strong> per Brignole e <strong>alle ore 21.17 da Brignole<\/strong> per Brin<\/li>\n<\/ul>\n<p>Ricordiamo che la chiusura serale anticipata della metropolitana consente di avere a disposizione le giuste tempistiche per l\u2019effettuazione dei lavori previsti e di svolgere in sicurezza, ovvero senza la circolazione dei treni, tutte le attivit\u00e0 programmate.<\/p>\n<p>Il collegamento serale con la Valpolcevera \u00e8 garantito dalla <strong>linea 9<\/strong> (Caricamento - Brin - Pontedecimo).<\/p>\n ","protected":false},"excerpt":{"rendered":"Il piano di manutenzione serale della metropolitana della settimana prevede fasi di test sui nuovi treni in consegna, il pre-esercizio in fuori servizio dei nuovi treni gi\u00e0 collaudati e le attivit\u00e0 di manutenzione all\u2019armamento ferroviario. Per consentire l\u2019effettuazione dei lavori \u00e8 prevista la chiusura anticipata della metro con le seguenti modalit\u00e0: Luned\u00ec 12 gennaio le ultime partenze saranno alle ore&nbsp;<a href=\"https:\/\/www.amt.genova.it\/amt\/metropolitana-il-programma-delle-attivita-di-manutenzione-serale-da-lunedi-12-a-giovedi-15-gennaio\/\" class=\"read-more\">Continue Reading<\/a>","protected":false},"author":2,"featured_media":48548,"comment_status":"closed","ping_status":"closed","sticky":false,"template":"","format":"standard","meta":{"footnotes":""},"categories":[4,64],"tags":[70],"class_list":["post-52063","post","type-post","status-publish","format-standard","has-post-thumbnail","hentry","category-notizie","category-urbano","tag-metropolitana","cat-4-id","cat-64-id"],"_links":{"self":[{"href":"https:\/\/www.amt.genova.it\/amt\/wp-json\/wp\/v2\/posts\/52063","targetHints":{"allow":["GET"]}}],"collection":[{"href":"https:\/\/www.amt.genova.it\/amt\/wp-json\/wp\/v2\/posts"}],"about":[{"href":"https:\/\/www.amt.genova.it\/amt\/wp-json\/wp\/v2\/types\/post"}],"author":[{"embeddable":true,"href":"https:\/\/www.amt.genova.it\/amt\/wp-json\/wp\/v2\/users\/2"}],"replies":[{"embeddable":true,"href":"https:\/\/www.amt.genova.it\/amt\/wp-json\/wp\/v2\/comments?post=52063"}],"version-history":[{"count":1,"href":"https:\/\/www.amt.genova.it\/amt\/wp-json\/wp\/v2\/posts\/52063\/revisions"}],"predecessor-version":[{"id":52064,"href":"https:\/\/www.amt.genova.it\/amt\/wp-json\/wp\/v2\/posts\/52063\/revisions\/52064"}],"wp:featuredmedia":[{"embeddable":true,"href":"https:\/\/www.amt.genova.it\/amt\/wp-json\/wp\/v2\/media\/48548"}],"wp:attachment":[{"href":"https:\/\/www.amt.genova.it\/amt\/wp-json\/wp\/v2\/media?parent=52063"}],"wp:term":[{"taxonomy":"category","embeddable":true,"href":"https:\/\/www.amt.genova.it\/amt\/wp-json\/wp\/v2\/categories?post=52063"},{"taxonomy":"post_tag","embeddable":true,"href":"https:\/\/www.amt.genova.it\/amt\/wp-json\/wp\/v2\/tags?post=52063"}],"curies":[{"name":"wp","href":"https:\/\/api.w.org\/{rel}","templated":true}]}}