{"id":50585,"date":"2025-09-26T16:03:22","date_gmt":"2025-09-26T14:03:22","guid":{"rendered":"https:\/\/www.amt.genova.it\/amt\/?p=50585"},"modified":"2025-10-08T16:40:47","modified_gmt":"2025-10-08T14:40:47","slug":"trasporto-pubblico-provinciale-le-modifiche-al-servizio-in-vigore-da-lunedi-29-settembre","status":"publish","type":"post","link":"https:\/\/www.amt.genova.it\/amt\/trasporto-pubblico-provinciale-le-modifiche-al-servizio-in-vigore-da-lunedi-29-settembre\/","title":{"rendered":"Trasporto pubblico provinciale:  le modifiche al servizio in vigore da luned\u00ec 29 settembre"},"content":{"rendered":"<p>A seguito del monitoraggio effettuato sulla rete provinciale, AMT ha programmato alcune modifiche sia al servizio ordinario, sia a quello dedicato agli studenti, che entreranno in vigore<strong> da luned\u00ec 29 settembre<\/strong>.<\/p>\n<p>Nello specifico:<\/p>\n<p><strong>Tigullio Occidentale<\/strong>:<\/p>\n<p><strong>Linea 897<\/strong>: la corsa feriale in partenza da Zoagli Centro alle ore 6.40 viene anticipata alle ore 6.35 e la corsa in partenza da Semorile alle ore 6.55 viene anticipata alle ore 6.50.<\/p>\n<p><strong>\u00a0<\/strong><\/p>\n<p><strong>Tigullio Centrale<\/strong>:<\/p>\n<p><strong>Linea 806<\/strong>: la corsa in partenza da Chiavari alle ore 6.56 viene anticipata alle ore 6.52 con arrivo in via Castagnola \u2013 Via Franceschi a Chiavari nei giorni di scuola dal luned\u00ec al venerd\u00ec.<\/p>\n<p><strong>Linea 810<\/strong>: la corsa in partenza da Chiavari alle ore 6.51 viene anticipata alle ore 6.48 e la corsa in partenza da Campodonico alle ore 7.12 viene anticipata alle ore 7.07 con transito in piazza Roma Clarisse a Chiavari nei giorni di scuola dal luned\u00ec al venerd\u00ec.<\/p>\n<p><strong>Linea 922<\/strong>: entra in vigore una nuova coppia di corse: una in partenza da Calvari alle ore 6.22 e una in partenza da Romaggi alle ore 6.37, attiva nei giorni di scuola dal luned\u00ec al venerd\u00ec.<\/p>\n<p><strong>Linea 935<\/strong>: la corsa in partenza da Calvari alle ore 15.25 viene posticipata alle ore 15.30 nei giorni di scuola dal luned\u00ec al venerd\u00ec.<\/p>\n<p>&nbsp;<\/p>\n<p><strong>Tigullio Orientale<\/strong>:<\/p>\n<p><strong>Linea 852<\/strong>: entra in vigore una nuova corsa in partenza da Carro per Missano Mereta alle ore 6.45 nei giorni di scuola dal luned\u00ec al venerd\u00ec.<\/p>\n<p>La corsa feriale in partenza da Carro per Casarza \u2013 Sestri Levante alle ore 12.40 viene posticipata alle ore 12.58. La corsa valida nei giorni di sabato e non di scuola in partenza da Missano per Carro alle ore 18.20 viene posticipata alle ore 18.25 con validit\u00e0 estesa anche ai giorni di scuola dal luned\u00ec al venerd\u00ec. Tale corsa effettua coincidenza da Sestri Levante e Casarza con la linea 750 in arrivo alle ore 18.15.<\/p>\n<p>&nbsp;<\/p>\n<p><strong>Valle Stura Alta Val Bormida<\/strong>:<\/p>\n<p><strong>Linea 701<\/strong>: la corsa feriale in partenza da Voltri alle ore 19.55 viene posticipata alle ore 20.05.<\/p>\n<p><strong>\u00a0<\/strong><\/p>\n<p><strong>Valle Verde<\/strong>:<\/p>\n<p><strong>Linea 838<\/strong>: la corsa feriale in partenza da Pontedecimo alle ore 16.30 viene posticipata alle ore 16.40 e la corsa in partenza da Pietralavezzara alle ore 16.55 viene posticipata alle ore 17.05.<\/p>\n<p>&nbsp;<\/p>\n<p>Il monitoraggio della rete provinciale proseguir\u00e0 anche nei prossimi giorni. Tutti gli orari sono consultabili sul sito e sulla App AMT.<\/p>\n ","protected":false},"excerpt":{"rendered":"A seguito del monitoraggio effettuato sulla rete provinciale, AMT ha programmato alcune modifiche sia al servizio ordinario, sia a quello dedicato agli studenti, che entreranno in vigore da luned\u00ec 29 settembre. Nello specifico: Tigullio Occidentale: Linea 897: la corsa feriale in partenza da Zoagli Centro alle ore 6.40 viene anticipata alle ore 6.35 e la corsa in partenza da Semorile&nbsp;<a href=\"https:\/\/www.amt.genova.it\/amt\/trasporto-pubblico-provinciale-le-modifiche-al-servizio-in-vigore-da-lunedi-29-settembre\/\" class=\"read-more\">Continue Reading<\/a>","protected":false},"author":2,"featured_media":35279,"comment_status":"closed","ping_status":"closed","sticky":false,"template":"","format":"standard","meta":{"footnotes":""},"categories":[4,65],"tags":[],"class_list":["post-50585","post","type-post","status-publish","format-standard","has-post-thumbnail","hentry","category-notizie","category-provinciale","cat-4-id","cat-65-id"],"_links":{"self":[{"href":"https:\/\/www.amt.genova.it\/amt\/wp-json\/wp\/v2\/posts\/50585","targetHints":{"allow":["GET"]}}],"collection":[{"href":"https:\/\/www.amt.genova.it\/amt\/wp-json\/wp\/v2\/posts"}],"about":[{"href":"https:\/\/www.amt.genova.it\/amt\/wp-json\/wp\/v2\/types\/post"}],"author":[{"embeddable":true,"href":"https:\/\/www.amt.genova.it\/amt\/wp-json\/wp\/v2\/users\/2"}],"replies":[{"embeddable":true,"href":"https:\/\/www.amt.genova.it\/amt\/wp-json\/wp\/v2\/comments?post=50585"}],"version-history":[{"count":1,"href":"https:\/\/www.amt.genova.it\/amt\/wp-json\/wp\/v2\/posts\/50585\/revisions"}],"predecessor-version":[{"id":50586,"href":"https:\/\/www.amt.genova.it\/amt\/wp-json\/wp\/v2\/posts\/50585\/revisions\/50586"}],"wp:featuredmedia":[{"embeddable":true,"href":"https:\/\/www.amt.genova.it\/amt\/wp-json\/wp\/v2\/media\/35279"}],"wp:attachment":[{"href":"https:\/\/www.amt.genova.it\/amt\/wp-json\/wp\/v2\/media?parent=50585"}],"wp:term":[{"taxonomy":"category","embeddable":true,"href":"https:\/\/www.amt.genova.it\/amt\/wp-json\/wp\/v2\/categories?post=50585"},{"taxonomy":"post_tag","embeddable":true,"href":"https:\/\/www.amt.genova.it\/amt\/wp-json\/wp\/v2\/tags?post=50585"}],"curies":[{"name":"wp","href":"https:\/\/api.w.org\/{rel}","templated":true}]}}