{"id":50255,"date":"2025-09-03T14:45:50","date_gmt":"2025-09-03T12:45:50","guid":{"rendered":"https:\/\/www.amt.genova.it\/amt\/?p=50255"},"modified":"2025-09-04T16:28:17","modified_gmt":"2025-09-04T14:28:17","slug":"prima-tappa-del-49esimo-giro-della-lunigiana-2025-variazioni-al-servizio-giovedi-4-settembre","status":"publish","type":"post","link":"https:\/\/www.amt.genova.it\/amt\/prima-tappa-del-49esimo-giro-della-lunigiana-2025-variazioni-al-servizio-giovedi-4-settembre\/","title":{"rendered":"Prima tappa del 49esimo Giro della Lunigiana 2025 variazioni al servizio gioved\u00ec 4 settembre"},"content":{"rendered":"<p>In occasione del <strong>49esimo Giro della Lunigiana<\/strong>, la cui prima tappa prender\u00e0 il via da <strong>Genova <\/strong>e si concluder\u00e0 a <strong>Chiavari <\/strong>nella giornata di <strong>gioved\u00ec 4 settembre<\/strong>, il servizio AMT sar\u00e0 oggetto di modifiche in conformit\u00e0 ai provvedimenti di viabilit\u00e0 disposti dagli organi competenti.<\/p>\n<p>La tappa prevede la partenza da <strong>piazza De Ferrari<\/strong>, il trasferimento al km 0 a <strong>Quarto dei Mille<\/strong>, e interesser\u00e0 i territori comunali di Bogliasco, Pieve Ligure, Sori, Recco, Uscio, Lumarzo, Davagna, Torriglia, Bargagli, Neirone, Tribogna, Moconesi, Cicagna, Orero, San Colombano Certenoli e Leivi, per concludersi in viale Arata a Chiavari.<\/p>\n<p>Lo svolgimento della manifestazione comporter\u00e0 modifiche alla viabilit\u00e0 lungo tutto il percorso della gara, con conseguenti ripercussioni sul servizio di trasporto pubblico, come di seguito indicato.<\/p>\n<p><strong>Ambito urbano (Genova)<\/strong><\/p>\n<ul>\n<li><strong>Linee 35, 35\/ e 42<\/strong><strong>: <\/strong>dalle ore 09.00 alle ore 14.00, deviazione di percorso per la chiusura di un tratto di via Dante.<\/li>\n<li><strong>Linee da e per il levante cittadino <\/strong>(tra De Ferrari e Nervi): possibili deviazioni e\/o limitazioni tra le ore 12.15 e le ore 14.15, in concomitanza con il passaggio della corsa.<\/li>\n<li><strong>Drinbus Quarto\/Quinto\/Nervi:<\/strong> dalle ore 09.00 e fino al termine dell\u2019evento non effettua la fermata di piazza Sivelli.<\/li>\n<li><strong>Navetta Gaslini:<\/strong> dopo aver effettuato la partenza delle ore 12.30, sospende il servizio e riprende con la corsa delle ore 14.15.<\/li>\n<li><strong>Mobility bus:<\/strong> possibili temporanee modifiche di percorso.<\/li>\n<\/ul>\n<p><strong>Ambito provinciale<\/strong><\/p>\n<ul>\n<li><strong>Linea 775 <\/strong>(Rapallo - Ruta - Recco - Genova): la partenza delle ore 12.30 da Genova non sar\u00e0 effettuata e riprender\u00e0 servizio alle 13.15 da Recco verso Rapallo F.S. e la partenza delle ore 12.30 da Rapallo F.S. effettuer\u00e0 servizio sino a Recco.<\/li>\n<li><strong>Linea 776<\/strong> (Colle Caprile - Uscio - Recco - Genova): la partenza delle ore 13.00 da Genova e le partenze delle ore 11.55 e 13.55 da Colle Caprile non saranno effettuate.<\/li>\n<li><strong>Tutte le linee interessate dal percorso della tappa<\/strong>: tra le ore 12.45 e le ore 16.00 possibili ritardi e variazioni di percorso limitatamente al tempo necessario al transito della corsa.<\/li>\n<\/ul>\n ","protected":false},"excerpt":{"rendered":"In occasione del 49esimo Giro della Lunigiana, la cui prima tappa prender\u00e0 il via da Genova e si concluder\u00e0 a Chiavari nella giornata di gioved\u00ec 4 settembre, il servizio AMT sar\u00e0 oggetto di modifiche in conformit\u00e0 ai provvedimenti di viabilit\u00e0 disposti dagli organi competenti. La tappa prevede la partenza da piazza De Ferrari, il trasferimento al km 0 a Quarto&nbsp;<a href=\"https:\/\/www.amt.genova.it\/amt\/prima-tappa-del-49esimo-giro-della-lunigiana-2025-variazioni-al-servizio-giovedi-4-settembre\/\" class=\"read-more\">Continue Reading<\/a>","protected":false},"author":2,"featured_media":27791,"comment_status":"closed","ping_status":"closed","sticky":false,"template":"","format":"standard","meta":{"footnotes":""},"categories":[4],"tags":[],"class_list":["post-50255","post","type-post","status-publish","format-standard","has-post-thumbnail","hentry","category-notizie","cat-4-id"],"_links":{"self":[{"href":"https:\/\/www.amt.genova.it\/amt\/wp-json\/wp\/v2\/posts\/50255","targetHints":{"allow":["GET"]}}],"collection":[{"href":"https:\/\/www.amt.genova.it\/amt\/wp-json\/wp\/v2\/posts"}],"about":[{"href":"https:\/\/www.amt.genova.it\/amt\/wp-json\/wp\/v2\/types\/post"}],"author":[{"embeddable":true,"href":"https:\/\/www.amt.genova.it\/amt\/wp-json\/wp\/v2\/users\/2"}],"replies":[{"embeddable":true,"href":"https:\/\/www.amt.genova.it\/amt\/wp-json\/wp\/v2\/comments?post=50255"}],"version-history":[{"count":4,"href":"https:\/\/www.amt.genova.it\/amt\/wp-json\/wp\/v2\/posts\/50255\/revisions"}],"predecessor-version":[{"id":50259,"href":"https:\/\/www.amt.genova.it\/amt\/wp-json\/wp\/v2\/posts\/50255\/revisions\/50259"}],"wp:featuredmedia":[{"embeddable":true,"href":"https:\/\/www.amt.genova.it\/amt\/wp-json\/wp\/v2\/media\/27791"}],"wp:attachment":[{"href":"https:\/\/www.amt.genova.it\/amt\/wp-json\/wp\/v2\/media?parent=50255"}],"wp:term":[{"taxonomy":"category","embeddable":true,"href":"https:\/\/www.amt.genova.it\/amt\/wp-json\/wp\/v2\/categories?post=50255"},{"taxonomy":"post_tag","embeddable":true,"href":"https:\/\/www.amt.genova.it\/amt\/wp-json\/wp\/v2\/tags?post=50255"}],"curies":[{"name":"wp","href":"https:\/\/api.w.org\/{rel}","templated":true}]}}