{"id":48309,"date":"2025-02-28T17:00:17","date_gmt":"2025-02-28T16:00:17","guid":{"rendered":"https:\/\/www.amt.genova.it\/amt\/?p=48309"},"modified":"2025-03-06T15:33:15","modified_gmt":"2025-03-06T14:33:15","slug":"stazione-metro-di-de-ferrari-interventi-sulle-scale-mobili-da-sabato-1-marzo","status":"publish","type":"post","link":"https:\/\/www.amt.genova.it\/amt\/stazione-metro-di-de-ferrari-interventi-sulle-scale-mobili-da-sabato-1-marzo\/","title":{"rendered":"Stazione metro di De Ferrari interventi sulle scale mobili da sabato 1 marzo"},"content":{"rendered":"<p>Sabato 1 marzo saranno avviati gli ultimi interventi legati alla revisione generale delle scale mobili della stazione metro di De Ferrari.<\/p>\n<p>Al raggiungimento dei 20 anni di vita tecnica dell\u2019impianto, come previsto dalla normativa vigente, \u00e8 necessario eseguire diverse attivit\u00e0 e controlli sia sulle parti meccaniche, sia sulle parti elettriche delle scale mobili.<\/p>\n<p>Tra gli interventi pi\u00f9 complessi, la sostituzione dell\u2019intero sistema di supporto dei gradini. Al termine dei lavori, verranno eseguite le prove di carico e la verifica con gli enti ministeriali di controllo.<\/p>\n<p>I lavori dureranno circa un mese. Restano regolarmente in funzione gli ascensori della stazione.<\/p>\n ","protected":false},"excerpt":{"rendered":"Sabato 1 marzo saranno avviati gli ultimi interventi legati alla revisione generale delle scale mobili della stazione metro di De Ferrari. Al raggiungimento dei 20 anni di vita tecnica dell\u2019impianto, come previsto dalla normativa vigente, \u00e8 necessario eseguire diverse attivit\u00e0 e controlli sia sulle parti meccaniche, sia sulle parti elettriche delle scale mobili. Tra gli interventi pi\u00f9 complessi, la sostituzione&nbsp;<a href=\"https:\/\/www.amt.genova.it\/amt\/stazione-metro-di-de-ferrari-interventi-sulle-scale-mobili-da-sabato-1-marzo\/\" class=\"read-more\">Continue Reading<\/a>","protected":false},"author":2,"featured_media":3332,"comment_status":"closed","ping_status":"closed","sticky":false,"template":"","format":"standard","meta":{"footnotes":""},"categories":[4,64],"tags":[],"class_list":["post-48309","post","type-post","status-publish","format-standard","has-post-thumbnail","hentry","category-notizie","category-urbano","cat-4-id","cat-64-id"],"_links":{"self":[{"href":"https:\/\/www.amt.genova.it\/amt\/wp-json\/wp\/v2\/posts\/48309","targetHints":{"allow":["GET"]}}],"collection":[{"href":"https:\/\/www.amt.genova.it\/amt\/wp-json\/wp\/v2\/posts"}],"about":[{"href":"https:\/\/www.amt.genova.it\/amt\/wp-json\/wp\/v2\/types\/post"}],"author":[{"embeddable":true,"href":"https:\/\/www.amt.genova.it\/amt\/wp-json\/wp\/v2\/users\/2"}],"replies":[{"embeddable":true,"href":"https:\/\/www.amt.genova.it\/amt\/wp-json\/wp\/v2\/comments?post=48309"}],"version-history":[{"count":2,"href":"https:\/\/www.amt.genova.it\/amt\/wp-json\/wp\/v2\/posts\/48309\/revisions"}],"predecessor-version":[{"id":48318,"href":"https:\/\/www.amt.genova.it\/amt\/wp-json\/wp\/v2\/posts\/48309\/revisions\/48318"}],"wp:featuredmedia":[{"embeddable":true,"href":"https:\/\/www.amt.genova.it\/amt\/wp-json\/wp\/v2\/media\/3332"}],"wp:attachment":[{"href":"https:\/\/www.amt.genova.it\/amt\/wp-json\/wp\/v2\/media?parent=48309"}],"wp:term":[{"taxonomy":"category","embeddable":true,"href":"https:\/\/www.amt.genova.it\/amt\/wp-json\/wp\/v2\/categories?post=48309"},{"taxonomy":"post_tag","embeddable":true,"href":"https:\/\/www.amt.genova.it\/amt\/wp-json\/wp\/v2\/tags?post=48309"}],"curies":[{"name":"wp","href":"https:\/\/api.w.org\/{rel}","templated":true}]}}