{"id":48289,"date":"2025-02-28T17:30:45","date_gmt":"2025-02-28T16:30:45","guid":{"rendered":"https:\/\/www.amt.genova.it\/amt\/?p=48289"},"modified":"2025-03-07T08:26:30","modified_gmt":"2025-03-07T07:26:30","slug":"chiusura-di-via-san-quirico-dassereto-a-rapallo-variazioni-al-servizio-alle-linee-886-e-887","status":"publish","type":"post","link":"https:\/\/www.amt.genova.it\/amt\/chiusura-di-via-san-quirico-dassereto-a-rapallo-variazioni-al-servizio-alle-linee-886-e-887\/","title":{"rendered":"Chiusura di via San Quirico d\u2019Assereto a Rapallo variazioni al servizio alle linee 886 e 887"},"content":{"rendered":"<p>Da luned\u00ec 3 marzo una parte di via San Quirico d\u2019Assereto verr\u00e0 chiusa al transito veicolare da luned\u00ec a venerd\u00ec dalle 8:30 alle 12:30 e dalle 13:30 alle 18:00 pertanto sulle linee 886 e 887 entreranno in vigore gli orari provvisori disponibili <a href=\"https:\/\/www.amt.genova.it\/amt\/trasporto-multimodale\/linee-bus-provinciali-old\/tigullio-occidentale\/rapallo\/\">qui<\/a><\/p>\n<p>Il termine dei lavori \u00e8 previsto per il 21 marzo.<\/p>\n ","protected":false},"excerpt":{"rendered":"Da luned\u00ec 3 marzo una parte di via San Quirico d\u2019Assereto verr\u00e0 chiusa al transito veicolare da luned\u00ec a venerd\u00ec dalle 8:30 alle 12:30 e dalle 13:30 alle 18:00 pertanto sulle linee 886 e 887 entreranno in vigore gli orari provvisori disponibili qui Il termine dei lavori \u00e8 previsto per il 21 marzo.","protected":false},"author":2,"featured_media":44560,"comment_status":"closed","ping_status":"closed","sticky":false,"template":"","format":"standard","meta":{"footnotes":""},"categories":[4,65],"tags":[],"class_list":["post-48289","post","type-post","status-publish","format-standard","has-post-thumbnail","hentry","category-notizie","category-provinciale","cat-4-id","cat-65-id"],"_links":{"self":[{"href":"https:\/\/www.amt.genova.it\/amt\/wp-json\/wp\/v2\/posts\/48289","targetHints":{"allow":["GET"]}}],"collection":[{"href":"https:\/\/www.amt.genova.it\/amt\/wp-json\/wp\/v2\/posts"}],"about":[{"href":"https:\/\/www.amt.genova.it\/amt\/wp-json\/wp\/v2\/types\/post"}],"author":[{"embeddable":true,"href":"https:\/\/www.amt.genova.it\/amt\/wp-json\/wp\/v2\/users\/2"}],"replies":[{"embeddable":true,"href":"https:\/\/www.amt.genova.it\/amt\/wp-json\/wp\/v2\/comments?post=48289"}],"version-history":[{"count":1,"href":"https:\/\/www.amt.genova.it\/amt\/wp-json\/wp\/v2\/posts\/48289\/revisions"}],"predecessor-version":[{"id":48290,"href":"https:\/\/www.amt.genova.it\/amt\/wp-json\/wp\/v2\/posts\/48289\/revisions\/48290"}],"wp:featuredmedia":[{"embeddable":true,"href":"https:\/\/www.amt.genova.it\/amt\/wp-json\/wp\/v2\/media\/44560"}],"wp:attachment":[{"href":"https:\/\/www.amt.genova.it\/amt\/wp-json\/wp\/v2\/media?parent=48289"}],"wp:term":[{"taxonomy":"category","embeddable":true,"href":"https:\/\/www.amt.genova.it\/amt\/wp-json\/wp\/v2\/categories?post=48289"},{"taxonomy":"post_tag","embeddable":true,"href":"https:\/\/www.amt.genova.it\/amt\/wp-json\/wp\/v2\/tags?post=48289"}],"curies":[{"name":"wp","href":"https:\/\/api.w.org\/{rel}","templated":true}]}}