{"id":48239,"date":"2025-02-21T15:12:11","date_gmt":"2025-02-21T14:12:11","guid":{"rendered":"https:\/\/www.amt.genova.it\/amt\/?p=48239"},"modified":"2025-02-28T09:18:47","modified_gmt":"2025-02-28T08:18:47","slug":"metropolitana-il-programma-delle-attivita-di-manutenzione-serale-previsto-da-lunedi-24-a-giovedi-27-febbraio","status":"publish","type":"post","link":"https:\/\/www.amt.genova.it\/amt\/metropolitana-il-programma-delle-attivita-di-manutenzione-serale-previsto-da-lunedi-24-a-giovedi-27-febbraio\/","title":{"rendered":"Metropolitana: il programma delle attivit\u00e0 di manutenzione serale previsto da luned\u00ec 24 a gioved\u00ec 27 febbraio"},"content":{"rendered":"<p>Il piano delle attivit\u00e0 di manutenzione serale della metropolitana della prossima settimana prevede: la manutenzione dell\u2019armamento ferroviario, test sui nuovi treni e il montaggio di nuovi monitor di informazione al pubblico nelle stazioni.<\/p>\n<p>Per consentire l\u2019effettuazione dei lavori \u00e8 prevista la chiusura anticipata della metro nelle sere di<strong> luned\u00ec 24, marted\u00ec 25, mercoled\u00ec 26 e gioved\u00ec 27 febbraio.<\/strong> Le ultime partenze saranno <strong>alle ore 21.10 da Brin<\/strong> per Brignole e <strong>alle ore 21.17 da Brignole <\/strong>per Brin.<\/p>\n<p>Ricordiamo che la chiusura serale anticipata della metro consente di avere a disposizione le giuste tempistiche per l\u2019effettuazione dei lavori previsti e di svolgere in sicurezza, ovvero senza la circolazione dei treni, tutte le attivit\u00e0 programmate.<\/p>\n<p>Il collegamento serale con la Valpolcevera \u00e8 garantito dalla linea 9 (Caricamento - Brin - Pontedecimo).<\/p>\n ","protected":false},"excerpt":{"rendered":"Il piano delle attivit\u00e0 di manutenzione serale della metropolitana della prossima settimana prevede: la manutenzione dell\u2019armamento ferroviario, test sui nuovi treni e il montaggio di nuovi monitor di informazione al pubblico nelle stazioni. Per consentire l\u2019effettuazione dei lavori \u00e8 prevista la chiusura anticipata della metro nelle sere di luned\u00ec 24, marted\u00ec 25, mercoled\u00ec 26 e gioved\u00ec 27 febbraio. Le ultime&nbsp;<a href=\"https:\/\/www.amt.genova.it\/amt\/metropolitana-il-programma-delle-attivita-di-manutenzione-serale-previsto-da-lunedi-24-a-giovedi-27-febbraio\/\" class=\"read-more\">Continue Reading<\/a>","protected":false},"author":2,"featured_media":3249,"comment_status":"closed","ping_status":"closed","sticky":false,"template":"","format":"standard","meta":{"footnotes":""},"categories":[4,64],"tags":[],"class_list":["post-48239","post","type-post","status-publish","format-standard","has-post-thumbnail","hentry","category-notizie","category-urbano","cat-4-id","cat-64-id"],"_links":{"self":[{"href":"https:\/\/www.amt.genova.it\/amt\/wp-json\/wp\/v2\/posts\/48239","targetHints":{"allow":["GET"]}}],"collection":[{"href":"https:\/\/www.amt.genova.it\/amt\/wp-json\/wp\/v2\/posts"}],"about":[{"href":"https:\/\/www.amt.genova.it\/amt\/wp-json\/wp\/v2\/types\/post"}],"author":[{"embeddable":true,"href":"https:\/\/www.amt.genova.it\/amt\/wp-json\/wp\/v2\/users\/2"}],"replies":[{"embeddable":true,"href":"https:\/\/www.amt.genova.it\/amt\/wp-json\/wp\/v2\/comments?post=48239"}],"version-history":[{"count":1,"href":"https:\/\/www.amt.genova.it\/amt\/wp-json\/wp\/v2\/posts\/48239\/revisions"}],"predecessor-version":[{"id":48240,"href":"https:\/\/www.amt.genova.it\/amt\/wp-json\/wp\/v2\/posts\/48239\/revisions\/48240"}],"wp:featuredmedia":[{"embeddable":true,"href":"https:\/\/www.amt.genova.it\/amt\/wp-json\/wp\/v2\/media\/3249"}],"wp:attachment":[{"href":"https:\/\/www.amt.genova.it\/amt\/wp-json\/wp\/v2\/media?parent=48239"}],"wp:term":[{"taxonomy":"category","embeddable":true,"href":"https:\/\/www.amt.genova.it\/amt\/wp-json\/wp\/v2\/categories?post=48239"},{"taxonomy":"post_tag","embeddable":true,"href":"https:\/\/www.amt.genova.it\/amt\/wp-json\/wp\/v2\/tags?post=48239"}],"curies":[{"name":"wp","href":"https:\/\/api.w.org\/{rel}","templated":true}]}}