{"id":48145,"date":"2025-02-12T15:53:46","date_gmt":"2025-02-12T14:53:46","guid":{"rendered":"https:\/\/www.amt.genova.it\/amt\/?p=48145"},"modified":"2025-02-15T15:07:21","modified_gmt":"2025-02-15T14:07:21","slug":"linee-1-128-170-653-e-n2-temporanee-variazioni-di-percorso-notturne-per-chiusura-tratto-di-via-ciro-menotti","status":"publish","type":"post","link":"https:\/\/www.amt.genova.it\/amt\/linee-1-128-170-653-e-n2-temporanee-variazioni-di-percorso-notturne-per-chiusura-tratto-di-via-ciro-menotti\/","title":{"rendered":"Linee 1, 128, 170, 653 e N2: temporanee variazioni di percorso notturne per chiusura tratto di via Ciro Menotti"},"content":{"rendered":"<p>A seguito dell\u2019interdizione al transito veicolare del tratto terminale di via Ciro Menotti causa lavori stradali, <strong>dalle ore 21.00 di gioved\u00ec 13 febbraio alle ore 05.00 di venerd\u00ec 14 febbraio e dalle ore 21.00 di venerd\u00ec 14 febbraio alle ore 05.00 di sabato 15 febbraio<\/strong>, le <strong>linee 1, 128, 170, 653 e N2 <\/strong>modificano il percorso come di seguito indicato:<\/p>\n<p><strong><u>Linee 1 e N2<\/u><\/strong><\/p>\n<p><strong>Direzione levante:<\/strong> i bus, giunti in via Merano, proseguono per via Soliman, via Puccini, via Albareto, via Siffredi, dove riprendono regolare percorso. <strong>Direzione ponente:<\/strong> percorso regolare.<\/p>\n<p><strong><u>Linee 128 e 653<\/u><\/strong><\/p>\n<p><strong>Direzione via Giotto:<\/strong> i bus, giunti in piazza Baracca, proseguono per largo Canegallo, via Biancheri, via Puccini, via Albareto, via Siffredi, via Borzoli, dove riprendono regolare percorso. <strong>Direzione Sestri Ponente:<\/strong> percorso regolare.<\/p>\n<p><strong><u>Linea 170<\/u><\/strong><\/p>\n<p><strong>Direzione monte:<\/strong> i bus, in partenza da via Travi, proseguono per largo Coppi, largo Canegallo, via Biancheri, via Puccini, via Albareto, via Siffredi, via Giotto, via Borzoli, dove riprendono regolare percorso. <strong>Direzione mare:<\/strong> percorso regolare.<\/p>\n ","protected":false},"excerpt":{"rendered":"A seguito dell\u2019interdizione al transito veicolare del tratto terminale di via Ciro Menotti causa lavori stradali, dalle ore 21.00 di gioved\u00ec 13 febbraio alle ore 05.00 di venerd\u00ec 14 febbraio e dalle ore 21.00 di venerd\u00ec 14 febbraio alle ore 05.00 di sabato 15 febbraio, le linee 1, 128, 170, 653 e N2 modificano il percorso come di seguito indicato:&nbsp;<a href=\"https:\/\/www.amt.genova.it\/amt\/linee-1-128-170-653-e-n2-temporanee-variazioni-di-percorso-notturne-per-chiusura-tratto-di-via-ciro-menotti\/\" class=\"read-more\">Continue Reading<\/a>","protected":false},"author":2,"featured_media":41913,"comment_status":"closed","ping_status":"closed","sticky":false,"template":"","format":"standard","meta":{"footnotes":""},"categories":[4,64],"tags":[],"class_list":["post-48145","post","type-post","status-publish","format-standard","has-post-thumbnail","hentry","category-notizie","category-urbano","cat-4-id","cat-64-id"],"_links":{"self":[{"href":"https:\/\/www.amt.genova.it\/amt\/wp-json\/wp\/v2\/posts\/48145","targetHints":{"allow":["GET"]}}],"collection":[{"href":"https:\/\/www.amt.genova.it\/amt\/wp-json\/wp\/v2\/posts"}],"about":[{"href":"https:\/\/www.amt.genova.it\/amt\/wp-json\/wp\/v2\/types\/post"}],"author":[{"embeddable":true,"href":"https:\/\/www.amt.genova.it\/amt\/wp-json\/wp\/v2\/users\/2"}],"replies":[{"embeddable":true,"href":"https:\/\/www.amt.genova.it\/amt\/wp-json\/wp\/v2\/comments?post=48145"}],"version-history":[{"count":1,"href":"https:\/\/www.amt.genova.it\/amt\/wp-json\/wp\/v2\/posts\/48145\/revisions"}],"predecessor-version":[{"id":48146,"href":"https:\/\/www.amt.genova.it\/amt\/wp-json\/wp\/v2\/posts\/48145\/revisions\/48146"}],"wp:featuredmedia":[{"embeddable":true,"href":"https:\/\/www.amt.genova.it\/amt\/wp-json\/wp\/v2\/media\/41913"}],"wp:attachment":[{"href":"https:\/\/www.amt.genova.it\/amt\/wp-json\/wp\/v2\/media?parent=48145"}],"wp:term":[{"taxonomy":"category","embeddable":true,"href":"https:\/\/www.amt.genova.it\/amt\/wp-json\/wp\/v2\/categories?post=48145"},{"taxonomy":"post_tag","embeddable":true,"href":"https:\/\/www.amt.genova.it\/amt\/wp-json\/wp\/v2\/tags?post=48145"}],"curies":[{"name":"wp","href":"https:\/\/api.w.org\/{rel}","templated":true}]}}