{"id":48136,"date":"2025-02-10T16:59:22","date_gmt":"2025-02-10T15:59:22","guid":{"rendered":"https:\/\/www.amt.genova.it\/amt\/?p=48136"},"modified":"2025-02-12T09:16:53","modified_gmt":"2025-02-12T08:16:53","slug":"linee-1-7-9-20-n1-e-n2-temporanee-variazioni-di-percorso-notturne-per-chiusura-tratto-via-di-francia","status":"publish","type":"post","link":"https:\/\/www.amt.genova.it\/amt\/linee-1-7-9-20-n1-e-n2-temporanee-variazioni-di-percorso-notturne-per-chiusura-tratto-via-di-francia\/","title":{"rendered":"Linee 1, 7, 9, 20, N1 e N2: temporanee variazioni di percorso notturne per chiusura tratto via Di Francia"},"content":{"rendered":"<p>A seguito dell\u2019interdizione al transito veicolare di un tratto di via Di Francia causa lavori stradali, <strong>dalle ore 21.00 di luned\u00ec 10 febbraio alle ore 06.00 di marted\u00ec 11 febbraio<\/strong> e <strong>dalle ore 21.00 di marted\u00ec 11 febbraio alle ore 06.00 di mercoled\u00ec 12 febbraio<\/strong>, le <strong>linee 1, 7, 9, 20, N1 e N2<\/strong> modificano il percorso come di seguito indicato:<\/p>\n<p><strong>Direzione ponente:<\/strong> i bus, giunti in via Milano, imboccano la corsia a mare del tunnel di via Di Francia e proseguono per via Milano, via P. Chiesa, via A. Scarsellini, rotatoria A. Scarsellini, via Di Francia, dove riprendono regolare percorso.<\/p>\n<p><strong>Direzione levante:<\/strong> percorso regolare.<\/p>\n ","protected":false},"excerpt":{"rendered":"A seguito dell\u2019interdizione al transito veicolare di un tratto di via Di Francia causa lavori stradali, dalle ore 21.00 di luned\u00ec 10 febbraio alle ore 06.00 di marted\u00ec 11 febbraio e dalle ore 21.00 di marted\u00ec 11 febbraio alle ore 06.00 di mercoled\u00ec 12 febbraio, le linee 1, 7, 9, 20, N1 e N2 modificano il percorso come di seguito&nbsp;<a href=\"https:\/\/www.amt.genova.it\/amt\/linee-1-7-9-20-n1-e-n2-temporanee-variazioni-di-percorso-notturne-per-chiusura-tratto-via-di-francia\/\" class=\"read-more\">Continue Reading<\/a>","protected":false},"author":2,"featured_media":20350,"comment_status":"closed","ping_status":"closed","sticky":false,"template":"","format":"standard","meta":{"footnotes":""},"categories":[4,64],"tags":[],"class_list":["post-48136","post","type-post","status-publish","format-standard","has-post-thumbnail","hentry","category-notizie","category-urbano","cat-4-id","cat-64-id"],"_links":{"self":[{"href":"https:\/\/www.amt.genova.it\/amt\/wp-json\/wp\/v2\/posts\/48136","targetHints":{"allow":["GET"]}}],"collection":[{"href":"https:\/\/www.amt.genova.it\/amt\/wp-json\/wp\/v2\/posts"}],"about":[{"href":"https:\/\/www.amt.genova.it\/amt\/wp-json\/wp\/v2\/types\/post"}],"author":[{"embeddable":true,"href":"https:\/\/www.amt.genova.it\/amt\/wp-json\/wp\/v2\/users\/2"}],"replies":[{"embeddable":true,"href":"https:\/\/www.amt.genova.it\/amt\/wp-json\/wp\/v2\/comments?post=48136"}],"version-history":[{"count":1,"href":"https:\/\/www.amt.genova.it\/amt\/wp-json\/wp\/v2\/posts\/48136\/revisions"}],"predecessor-version":[{"id":48137,"href":"https:\/\/www.amt.genova.it\/amt\/wp-json\/wp\/v2\/posts\/48136\/revisions\/48137"}],"wp:featuredmedia":[{"embeddable":true,"href":"https:\/\/www.amt.genova.it\/amt\/wp-json\/wp\/v2\/media\/20350"}],"wp:attachment":[{"href":"https:\/\/www.amt.genova.it\/amt\/wp-json\/wp\/v2\/media?parent=48136"}],"wp:term":[{"taxonomy":"category","embeddable":true,"href":"https:\/\/www.amt.genova.it\/amt\/wp-json\/wp\/v2\/categories?post=48136"},{"taxonomy":"post_tag","embeddable":true,"href":"https:\/\/www.amt.genova.it\/amt\/wp-json\/wp\/v2\/tags?post=48136"}],"curies":[{"name":"wp","href":"https:\/\/api.w.org\/{rel}","templated":true}]}}