{"id":47903,"date":"2025-01-28T08:11:01","date_gmt":"2025-01-28T07:11:01","guid":{"rendered":"https:\/\/www.amt.genova.it\/amt\/?p=47903"},"modified":"2025-01-28T10:35:46","modified_gmt":"2025-01-28T09:35:46","slug":"chiusura-sottopasso-in-viale-tito-groppo-a-chiavari","status":"publish","type":"post","link":"https:\/\/www.amt.genova.it\/amt\/chiusura-sottopasso-in-viale-tito-groppo-a-chiavari\/","title":{"rendered":"ALLERTA METEO Aggiornamento delle ore 8:30"},"content":{"rendered":"<p><strong><u>VALLE SCRIVIA<\/u><\/strong><\/p>\n<p><strong>Linea 730<br \/>\nTemporanea sospensione del servizio<br \/>\n<\/strong>A seguito di una frana al km 22,300 sulla SS 35 dei Giovi la<strong> linea 730 <\/strong>\u00e8 momentaneamente sospesa.<br \/>\nSeguiranno aggiornamenti.<\/p>\n<p>&nbsp;<\/p>\n<p><strong><u>TIGULLIO OCCIDENTALE<\/u><\/strong><\/p>\n<p><strong>Linea 885<br \/>\nLimitazione al servizio<br \/>\n<\/strong>A seguito di una spaccatura lungo la strada per la frazione di Arboc\u00f2, la <strong>linea 885<\/strong> \u00e8 temporaneamente limitata in localit\u00e0 Chignero.<br \/>\nSeguiranno aggiornamenti.<\/p>\n<p>&nbsp;<\/p>\n<p><strong><u>TIGULLIO CENTRALE<\/u><\/strong><\/p>\n<p><strong>Chiusura ponte di via Comorga a Carasco<br \/>\nVariazioni ai percorsi delle linee 711, 712, 713 e 715<br \/>\n<\/strong>A seguito della chiusura del ponte di via Comorga nel comune di Carasco, i bus diretti a Chiavari giunti a Carasco transitano a San Quirico, Graveglia e San Salvatore per poi percorrere il ponte di Corso Matteotti \/ Via Parma, giunti alla rotonda di Caperana riprendono il regolare percorso.<br \/>\nStesso percorso in direzione opposta.<br \/>\nSeguiranno aggiornamenti.<\/p>\n<p><strong>Chiusura sottopasso in viale Tito Groppo a Chiavari<br \/>\nVariazione al percorso della linea 902<br \/>\n<\/strong>A seguito della chiusura del sottopasso in viale Tito Groppo la <strong>linea 902<\/strong> transita in corso De Michiel, sottopasso di corso Garibaldi da dove riprende il regolare percorso.<br \/>\nSeguiranno aggiornamenti.<\/p>\n<p>&nbsp;<\/p>\n ","protected":false},"excerpt":{"rendered":"VALLE SCRIVIA Linea 730 Temporanea sospensione del servizio A seguito di una frana al km 22,300 sulla SS 35 dei Giovi la linea 730 \u00e8 momentaneamente sospesa. Seguiranno aggiornamenti. &nbsp; TIGULLIO OCCIDENTALE Linea 885 Limitazione al servizio A seguito di una spaccatura lungo la strada per la frazione di Arboc\u00f2, la linea 885 \u00e8 temporaneamente limitata in localit\u00e0 Chignero. Seguiranno&nbsp;<a href=\"https:\/\/www.amt.genova.it\/amt\/chiusura-sottopasso-in-viale-tito-groppo-a-chiavari\/\" class=\"read-more\">Continue Reading<\/a>","protected":false},"author":2,"featured_media":29311,"comment_status":"closed","ping_status":"closed","sticky":false,"template":"","format":"standard","meta":{"footnotes":""},"categories":[4,65],"tags":[],"class_list":["post-47903","post","type-post","status-publish","format-standard","has-post-thumbnail","hentry","category-notizie","category-provinciale","cat-4-id","cat-65-id"],"_links":{"self":[{"href":"https:\/\/www.amt.genova.it\/amt\/wp-json\/wp\/v2\/posts\/47903","targetHints":{"allow":["GET"]}}],"collection":[{"href":"https:\/\/www.amt.genova.it\/amt\/wp-json\/wp\/v2\/posts"}],"about":[{"href":"https:\/\/www.amt.genova.it\/amt\/wp-json\/wp\/v2\/types\/post"}],"author":[{"embeddable":true,"href":"https:\/\/www.amt.genova.it\/amt\/wp-json\/wp\/v2\/users\/2"}],"replies":[{"embeddable":true,"href":"https:\/\/www.amt.genova.it\/amt\/wp-json\/wp\/v2\/comments?post=47903"}],"version-history":[{"count":3,"href":"https:\/\/www.amt.genova.it\/amt\/wp-json\/wp\/v2\/posts\/47903\/revisions"}],"predecessor-version":[{"id":47906,"href":"https:\/\/www.amt.genova.it\/amt\/wp-json\/wp\/v2\/posts\/47903\/revisions\/47906"}],"wp:featuredmedia":[{"embeddable":true,"href":"https:\/\/www.amt.genova.it\/amt\/wp-json\/wp\/v2\/media\/29311"}],"wp:attachment":[{"href":"https:\/\/www.amt.genova.it\/amt\/wp-json\/wp\/v2\/media?parent=47903"}],"wp:term":[{"taxonomy":"category","embeddable":true,"href":"https:\/\/www.amt.genova.it\/amt\/wp-json\/wp\/v2\/categories?post=47903"},{"taxonomy":"post_tag","embeddable":true,"href":"https:\/\/www.amt.genova.it\/amt\/wp-json\/wp\/v2\/tags?post=47903"}],"curies":[{"name":"wp","href":"https:\/\/api.w.org\/{rel}","templated":true}]}}