{"id":47875,"date":"2025-01-26T09:57:31","date_gmt":"2025-01-26T08:57:31","guid":{"rendered":"https:\/\/www.amt.genova.it\/amt\/?p=47875"},"modified":"2025-01-31T08:50:55","modified_gmt":"2025-01-31T07:50:55","slug":"metropolitana-il-programma-delle-attivita-di-manutenzione-serale-da-martedi-28-a-giovedi-30-gennaio","status":"publish","type":"post","link":"https:\/\/www.amt.genova.it\/amt\/metropolitana-il-programma-delle-attivita-di-manutenzione-serale-da-martedi-28-a-giovedi-30-gennaio\/","title":{"rendered":"Metropolitana: il programma delle attivit\u00e0 di manutenzione serale da marted\u00ec 28 a gioved\u00ec 30 gennaio"},"content":{"rendered":"<p>Il piano delle attivit\u00e0 di manutenzione serale della metropolitana della prossima settimana prevede: test sui nuovi treni in consegna, montaggio degli access point in galleria per la rete wi-fi, manutenzione dell\u2019armamento ferroviario.<\/p>\n<p>Per consentire l\u2019effettuazione dei lavori \u00e8 prevista la chiusura anticipata della metro nelle sere di <strong>marted\u00ec 28, mercoled\u00ec 29 e gioved\u00ec 30 gennaio<\/strong>. Le ultime partenze saranno <strong>alle ore 21.10 da Brin <\/strong>per Brignole e <strong>alle ore 21.17 da Brignole<\/strong> per Brin.<\/p>\n<p>Ricordiamo che la chiusura serale anticipata della metro consente di avere a disposizione le giuste tempistiche per l\u2019effettuazione dei lavori previsti e di svolgere in sicurezza, ovvero senza la circolazione dei treni, tutte le attivit\u00e0 programmate.<\/p>\n<p>Il collegamento serale con la Valpolcevera \u00e8 garantito dalla linea 9 (Caricamento - Brin - Pontedecimo).<\/p>\n ","protected":false},"excerpt":{"rendered":"Il piano delle attivit\u00e0 di manutenzione serale della metropolitana della prossima settimana prevede: test sui nuovi treni in consegna, montaggio degli access point in galleria per la rete wi-fi, manutenzione dell\u2019armamento ferroviario. Per consentire l\u2019effettuazione dei lavori \u00e8 prevista la chiusura anticipata della metro nelle sere di marted\u00ec 28, mercoled\u00ec 29 e gioved\u00ec 30 gennaio. Le ultime partenze saranno alle&nbsp;<a href=\"https:\/\/www.amt.genova.it\/amt\/metropolitana-il-programma-delle-attivita-di-manutenzione-serale-da-martedi-28-a-giovedi-30-gennaio\/\" class=\"read-more\">Continue Reading<\/a>","protected":false},"author":2,"featured_media":31549,"comment_status":"closed","ping_status":"closed","sticky":false,"template":"","format":"standard","meta":{"footnotes":""},"categories":[4,64],"tags":[],"class_list":["post-47875","post","type-post","status-publish","format-standard","has-post-thumbnail","hentry","category-notizie","category-urbano","cat-4-id","cat-64-id"],"_links":{"self":[{"href":"https:\/\/www.amt.genova.it\/amt\/wp-json\/wp\/v2\/posts\/47875","targetHints":{"allow":["GET"]}}],"collection":[{"href":"https:\/\/www.amt.genova.it\/amt\/wp-json\/wp\/v2\/posts"}],"about":[{"href":"https:\/\/www.amt.genova.it\/amt\/wp-json\/wp\/v2\/types\/post"}],"author":[{"embeddable":true,"href":"https:\/\/www.amt.genova.it\/amt\/wp-json\/wp\/v2\/users\/2"}],"replies":[{"embeddable":true,"href":"https:\/\/www.amt.genova.it\/amt\/wp-json\/wp\/v2\/comments?post=47875"}],"version-history":[{"count":2,"href":"https:\/\/www.amt.genova.it\/amt\/wp-json\/wp\/v2\/posts\/47875\/revisions"}],"predecessor-version":[{"id":47877,"href":"https:\/\/www.amt.genova.it\/amt\/wp-json\/wp\/v2\/posts\/47875\/revisions\/47877"}],"wp:featuredmedia":[{"embeddable":true,"href":"https:\/\/www.amt.genova.it\/amt\/wp-json\/wp\/v2\/media\/31549"}],"wp:attachment":[{"href":"https:\/\/www.amt.genova.it\/amt\/wp-json\/wp\/v2\/media?parent=47875"}],"wp:term":[{"taxonomy":"category","embeddable":true,"href":"https:\/\/www.amt.genova.it\/amt\/wp-json\/wp\/v2\/categories?post=47875"},{"taxonomy":"post_tag","embeddable":true,"href":"https:\/\/www.amt.genova.it\/amt\/wp-json\/wp\/v2\/tags?post=47875"}],"curies":[{"name":"wp","href":"https:\/\/api.w.org\/{rel}","templated":true}]}}