{"id":47844,"date":"2025-01-16T15:36:02","date_gmt":"2025-01-16T14:36:02","guid":{"rendered":"https:\/\/www.amt.genova.it\/amt\/?p=47844"},"modified":"2025-02-07T11:14:53","modified_gmt":"2025-02-07T10:14:53","slug":"linea-973-san-rocco-camogli-fs-temporanea-variazione-di-percorso","status":"publish","type":"post","link":"https:\/\/www.amt.genova.it\/amt\/linea-973-san-rocco-camogli-fs-temporanea-variazione-di-percorso\/","title":{"rendered":"Linea 973 San Rocco-Camogli FS, temporanea variazione di percorso"},"content":{"rendered":"<p>A seguito della chiusura di via Jacopo Ruffini, piazza Don Minzoni e via Piero Schiaffino a Camogli nei giorni <strong>20, 21, 23, 24, 27 e 28 gennaio<\/strong>, i bus della <strong>linea 973<\/strong>, diretti a Camogli FS, giunti alla fermata di via Migliaro effettueranno inversione di marcia e transiteranno in via Mazzini e via Bettolo.<\/p>\n<p>Percorso invariato per le corse in partenza da Camogli FS e dirette a Ruta\/San Rocco.<\/p>\n<p>Le variazioni saranno attive <strong>luned\u00ec 20 e marted\u00ec 21 gennaio per l\u2019intera giornata<\/strong>, mentre nei giorni di <strong>gioved\u00ec 23, venerd\u00ec 24, luned\u00ec 27 e marted\u00ec 28 gennaio<\/strong> le modifiche saranno in vigore <strong>dalle 8.30 alle 12.30 e dalle 13.30 alle 17.30<\/strong>.<\/p>\n ","protected":false},"excerpt":{"rendered":"A seguito della chiusura di via Jacopo Ruffini, piazza Don Minzoni e via Piero Schiaffino a Camogli nei giorni 20, 21, 23, 24, 27 e 28 gennaio, i bus della linea 973, diretti a Camogli FS, giunti alla fermata di via Migliaro effettueranno inversione di marcia e transiteranno in via Mazzini e via Bettolo. Percorso invariato per le corse in&nbsp;<a href=\"https:\/\/www.amt.genova.it\/amt\/linea-973-san-rocco-camogli-fs-temporanea-variazione-di-percorso\/\" class=\"read-more\">Continue Reading<\/a>","protected":false},"author":2,"featured_media":41665,"comment_status":"closed","ping_status":"closed","sticky":false,"template":"","format":"standard","meta":{"footnotes":""},"categories":[4,65],"tags":[],"class_list":["post-47844","post","type-post","status-publish","format-standard","has-post-thumbnail","hentry","category-notizie","category-provinciale","cat-4-id","cat-65-id"],"_links":{"self":[{"href":"https:\/\/www.amt.genova.it\/amt\/wp-json\/wp\/v2\/posts\/47844","targetHints":{"allow":["GET"]}}],"collection":[{"href":"https:\/\/www.amt.genova.it\/amt\/wp-json\/wp\/v2\/posts"}],"about":[{"href":"https:\/\/www.amt.genova.it\/amt\/wp-json\/wp\/v2\/types\/post"}],"author":[{"embeddable":true,"href":"https:\/\/www.amt.genova.it\/amt\/wp-json\/wp\/v2\/users\/2"}],"replies":[{"embeddable":true,"href":"https:\/\/www.amt.genova.it\/amt\/wp-json\/wp\/v2\/comments?post=47844"}],"version-history":[{"count":1,"href":"https:\/\/www.amt.genova.it\/amt\/wp-json\/wp\/v2\/posts\/47844\/revisions"}],"predecessor-version":[{"id":47845,"href":"https:\/\/www.amt.genova.it\/amt\/wp-json\/wp\/v2\/posts\/47844\/revisions\/47845"}],"wp:featuredmedia":[{"embeddable":true,"href":"https:\/\/www.amt.genova.it\/amt\/wp-json\/wp\/v2\/media\/41665"}],"wp:attachment":[{"href":"https:\/\/www.amt.genova.it\/amt\/wp-json\/wp\/v2\/media?parent=47844"}],"wp:term":[{"taxonomy":"category","embeddable":true,"href":"https:\/\/www.amt.genova.it\/amt\/wp-json\/wp\/v2\/categories?post=47844"},{"taxonomy":"post_tag","embeddable":true,"href":"https:\/\/www.amt.genova.it\/amt\/wp-json\/wp\/v2\/tags?post=47844"}],"curies":[{"name":"wp","href":"https:\/\/api.w.org\/{rel}","templated":true}]}}