{"id":47563,"date":"2024-12-23T16:59:23","date_gmt":"2024-12-23T15:59:23","guid":{"rendered":"https:\/\/www.amt.genova.it\/amt\/?p=47563"},"modified":"2025-01-07T08:05:00","modified_gmt":"2025-01-07T07:05:00","slug":"il-servizio-amt-per-le-festivita-natalizie-8","status":"publish","type":"post","link":"https:\/\/www.amt.genova.it\/amt\/il-servizio-amt-per-le-festivita-natalizie-8\/","title":{"rendered":"Il servizio AMT per le festivit\u00e0 natalizie"},"content":{"rendered":"<p>In occasione delle festivit\u00e0 natalizie, come di consueto, il servizio AMT seguir\u00e0 una programmazione speciale, specifica per le diverse modalit\u00e0 di trasporto, con orari dedicati per il giorno di Natale (per il servizio provinciale anche il primo gennaio). I dettagli e gli orari completi sono disponibili sul sito <a href=\"http:\/\/www.amt.genova.it\">www.amt.genova.it<\/a> e sulla APP AMT.<\/p>\n<ul>\n<li><strong>Autobus<\/strong><\/li>\n<\/ul>\n<p>Per la <strong>rete urbana di Genova<\/strong> il <strong>giorno di Natale<\/strong> saranno assicurati i collegamenti sulle principali direttrici, comprese le linee che servono gli ospedali cittadini. Su alcune linee bus periferiche sar\u00e0 svolto un servizio che prevede un\u2019interruzione nella fascia di mezzogiorno.<\/p>\n<p>Nel periodo compreso tra il 26 dicembre e il 6 gennaio sar\u00e0 in vigore un servizio speciale consultabile su sito e App.<\/p>\n<p>Per quanto riguarda la <strong>rete provinciale<\/strong>, il <strong>giorno di Natale e il primo gennaio<\/strong> i bus saranno in servizio con un orario festivo speciale tra le 8.00 e le 18.30, relativo soprattutto alle direttrici principali e alle linee che raggiungono gli ospedali.<\/p>\n<p>Nei giorni feriali compresi tra luned\u00ec 23 dicembre e venerd\u00ec 3 gennaio, entrer\u00e0 in vigore l\u2019orario non scolastico.<\/p>\n<p>Il servizio della <strong>linea 782<\/strong> Santa Margherita Ligure \u2013 Portofino, dal 23 dicembre al 6 gennaio, verr\u00e0 potenziato con corse ogni 15 minuti dalle 8.52 alle 13.15 e corse ogni 30 minuti fino al termine dell\u2019orario programmato (ultima partenza da Portofino a mezzanotte). Orari consultabili su sito e App.<\/p>\n<ul>\n<li><strong>Metropolitana<\/strong><\/li>\n<\/ul>\n<p>La metropolitana il <strong>giorno di Natale<\/strong> effettuer\u00e0 le prime corse alle 9.00 sia dalla stazione di Brignole sia da Brin; le ultime corse saranno alle ore 00.00 da Brignole e alle ore 23.40 da Brin.<\/p>\n<p>Nelle giornate del 27 dicembre, 2, 3, 4 e 5 gennaio la metro effettuer\u00e0 un servizio speciale e sar\u00e0 aperta dalle ore 5.00 fino a mezzanotte; il relativo orario \u00e8 consultabile su sito e App. Al sabato e nei festivi l\u2019orario della metro non subir\u00e0 variazioni.<\/p>\n<ul>\n<li><strong>Impianti verticali<\/strong><\/li>\n<\/ul>\n<p><strong>Il 25 dicembre<\/strong> la <strong>funicolare Zecca - Righi<\/strong> effettuer\u00e0 servizio dalle ore 9.40 alle ore 13.00 e dalle ore 15.40 alle ore 22.00; la <strong>funicolare Sant\u2019Anna<\/strong> dalle ore 9.20 alle ore 12.45 e dalle ore 16.20 alle ore 20.55; la <strong>cremagliera di Granarolo<\/strong> dalle ore 10.20 alle ore 12.40 e dalle ore 18.20 alle ore 20.00. Gli orari di apertura degli ascensori si possono consultare sul sito e sulla APP AMT.<\/p>\n<p>Durante il <strong>periodo natalizio<\/strong>, da venerd\u00ec 27 dicembre a luned\u00ec 6 gennaio, la cremagliera Principe - Granarolo e la funicolare Zecca - Righi osserveranno un servizio speciale, in particolare:<\/p>\n<ul>\n<li>la <strong>cremagliera di Granarolo<\/strong>, nei giorni feriali compresi tra venerd\u00ec 27 dicembre e venerd\u00ec 3 gennaio, osserver\u00e0 l\u2019orario del sabato e sar\u00e0 aperta dalle ore 6.00 (prima corsa da Granarolo) a mezzanotte (ultima corsa da Principe). Al sabato e nei festivi sar\u00e0 in vigore il consueto orario;<\/li>\n<li>la <strong>funicolare Zecca \u2013 Righi<\/strong> effettuer\u00e0 servizio con l\u2019attuale orario festivo.<\/li>\n<\/ul>\n<p>I restanti impianti (ascensori e funicolare Sant\u2019Anna) osserveranno il consueto orario programmato.<\/p>\n<ul>\n<li><strong>Ferrovia Genova Casella (bus sostitutivo)<\/strong><\/li>\n<\/ul>\n<p>Nelle giornate di <strong>Natale, Santo Stefano, Capodanno ed Epifania<\/strong> sar\u00e0 in vigore un servizio festivo speciale con partenze:<\/p>\n<ul>\n<li>da Casella alle ore 7.35 \u2013 10.27 \u2013 14.52 \u2013 17.50<\/li>\n<li>da Genova alle ore 9.00 \u2013 11.58 \u2013 16.20 \u2013 19.10<\/li>\n<\/ul>\n<p>Nei giorni altri giorni compresi tra il 27 dicembre e il 5 gennaio sar\u00e0 in vigore il consueto orario programmato.<\/p>\n<ul>\n<li><strong>Biglietterie e Servizio Clienti durante le festivit\u00e0<\/strong><\/li>\n<\/ul>\n<p><strong>Marted\u00ec 24 dicembre<\/strong> le <strong>biglietterie urbane<\/strong> chiuderanno alle ore 15.00, <strong>venerd\u00ec 27 dicembre<\/strong> sar\u00e0 in servizio con il consueto orario<strong> la biglietteria di Palazzo Ducale<\/strong>, mentre le restanti biglietterie saranno chiuse. <strong>Marted\u00ec 31 dicembre<\/strong> tutte le biglietterie urbane chiuderanno alle ore 12.45. Nei giorni <strong>30 dicembre, 2 e 3 gennaio<\/strong> osserveranno il consueto orario dalle ore 8.15 alle ore 16.00.<\/p>\n<p>Le <strong>biglietterie provinciali di Chiavari e Rapallo<\/strong> nei giorni feriali compresi tra luned\u00ec 23 dicembre e venerd\u00ec 3 gennaio osserveranno i consueti orari di apertura al pubblico ad esclusione di marted\u00ec 31 dicembre in cui effettueranno chiusura alle ore 12.45.<\/p>\n<p>Il <strong>Servizio Clienti <\/strong>marted\u00ec 24 e marted\u00ec 31 dicembre effettuer\u00e0 servizio dalle ore 8.15 alle ore 15.30. Nella giornata di venerd\u00ec 27 dicembre non sar\u00e0 operativo. Nei giorni 30 dicembre, 2 e 3 gennaio osserver\u00e0 il consueto orario, dalle ore 8.15 alle ore 16.30.<\/p>\n ","protected":false},"excerpt":{"rendered":"In occasione delle festivit\u00e0 natalizie, come di consueto, il servizio AMT seguir\u00e0 una programmazione speciale, specifica per le diverse modalit\u00e0 di trasporto, con orari dedicati per il giorno di Natale (per il servizio provinciale anche il primo gennaio). I dettagli e gli orari completi sono disponibili sul sito www.amt.genova.it e sulla APP AMT. Autobus Per la rete urbana di Genova&nbsp;<a href=\"https:\/\/www.amt.genova.it\/amt\/il-servizio-amt-per-le-festivita-natalizie-8\/\" class=\"read-more\">Continue Reading<\/a>","protected":false},"author":2,"featured_media":42342,"comment_status":"closed","ping_status":"closed","sticky":false,"template":"","format":"standard","meta":{"footnotes":""},"categories":[4],"tags":[],"class_list":["post-47563","post","type-post","status-publish","format-standard","has-post-thumbnail","hentry","category-notizie","cat-4-id"],"_links":{"self":[{"href":"https:\/\/www.amt.genova.it\/amt\/wp-json\/wp\/v2\/posts\/47563","targetHints":{"allow":["GET"]}}],"collection":[{"href":"https:\/\/www.amt.genova.it\/amt\/wp-json\/wp\/v2\/posts"}],"about":[{"href":"https:\/\/www.amt.genova.it\/amt\/wp-json\/wp\/v2\/types\/post"}],"author":[{"embeddable":true,"href":"https:\/\/www.amt.genova.it\/amt\/wp-json\/wp\/v2\/users\/2"}],"replies":[{"embeddable":true,"href":"https:\/\/www.amt.genova.it\/amt\/wp-json\/wp\/v2\/comments?post=47563"}],"version-history":[{"count":1,"href":"https:\/\/www.amt.genova.it\/amt\/wp-json\/wp\/v2\/posts\/47563\/revisions"}],"predecessor-version":[{"id":47564,"href":"https:\/\/www.amt.genova.it\/amt\/wp-json\/wp\/v2\/posts\/47563\/revisions\/47564"}],"wp:featuredmedia":[{"embeddable":true,"href":"https:\/\/www.amt.genova.it\/amt\/wp-json\/wp\/v2\/media\/42342"}],"wp:attachment":[{"href":"https:\/\/www.amt.genova.it\/amt\/wp-json\/wp\/v2\/media?parent=47563"}],"wp:term":[{"taxonomy":"category","embeddable":true,"href":"https:\/\/www.amt.genova.it\/amt\/wp-json\/wp\/v2\/categories?post=47563"},{"taxonomy":"post_tag","embeddable":true,"href":"https:\/\/www.amt.genova.it\/amt\/wp-json\/wp\/v2\/tags?post=47563"}],"curies":[{"name":"wp","href":"https:\/\/api.w.org\/{rel}","templated":true}]}}