{"id":47303,"date":"2024-12-14T10:06:42","date_gmt":"2024-12-14T09:06:42","guid":{"rendered":"https:\/\/www.amt.genova.it\/amt\/?p=47303"},"modified":"2024-12-18T09:37:28","modified_gmt":"2024-12-18T08:37:28","slug":"ascensore-castelletto-ponente-martedi-17-dicembre-temporanea-sospensione-del-servizio","status":"publish","type":"post","link":"https:\/\/www.amt.genova.it\/amt\/ascensore-castelletto-ponente-martedi-17-dicembre-temporanea-sospensione-del-servizio\/","title":{"rendered":"Ascensore Castelletto Ponente, marted\u00ec 17 dicembre temporanea sospensione del servizio"},"content":{"rendered":"<p><strong>Marted\u00ec 17 dicembre, dalle ore 09.00<\/strong> <strong>alle ore 11.00, l\u2019ascensore Castelletto Ponente <\/strong>sospender\u00e0 temporaneamente il servizio per consentire lo svolgimento di attivit\u00e0 di manutenzione e controllo.<\/p>\n<p>Ricordiamo che, per raggiungere il centro dalla zona di Castelletto e viceversa, si pu\u00f2 utilizzare l\u2019ascensore di Castelletto Levante.<\/p>\n ","protected":false},"excerpt":{"rendered":"Marted\u00ec 17 dicembre, dalle ore 09.00 alle ore 11.00, l\u2019ascensore Castelletto Ponente sospender\u00e0 temporaneamente il servizio per consentire lo svolgimento di attivit\u00e0 di manutenzione e controllo. Ricordiamo che, per raggiungere il centro dalla zona di Castelletto e viceversa, si pu\u00f2 utilizzare l\u2019ascensore di Castelletto Levante.","protected":false},"author":2,"featured_media":38399,"comment_status":"closed","ping_status":"closed","sticky":false,"template":"","format":"standard","meta":{"footnotes":""},"categories":[4,64],"tags":[],"class_list":["post-47303","post","type-post","status-publish","format-standard","has-post-thumbnail","hentry","category-notizie","category-urbano","cat-4-id","cat-64-id"],"_links":{"self":[{"href":"https:\/\/www.amt.genova.it\/amt\/wp-json\/wp\/v2\/posts\/47303","targetHints":{"allow":["GET"]}}],"collection":[{"href":"https:\/\/www.amt.genova.it\/amt\/wp-json\/wp\/v2\/posts"}],"about":[{"href":"https:\/\/www.amt.genova.it\/amt\/wp-json\/wp\/v2\/types\/post"}],"author":[{"embeddable":true,"href":"https:\/\/www.amt.genova.it\/amt\/wp-json\/wp\/v2\/users\/2"}],"replies":[{"embeddable":true,"href":"https:\/\/www.amt.genova.it\/amt\/wp-json\/wp\/v2\/comments?post=47303"}],"version-history":[{"count":2,"href":"https:\/\/www.amt.genova.it\/amt\/wp-json\/wp\/v2\/posts\/47303\/revisions"}],"predecessor-version":[{"id":47307,"href":"https:\/\/www.amt.genova.it\/amt\/wp-json\/wp\/v2\/posts\/47303\/revisions\/47307"}],"wp:featuredmedia":[{"embeddable":true,"href":"https:\/\/www.amt.genova.it\/amt\/wp-json\/wp\/v2\/media\/38399"}],"wp:attachment":[{"href":"https:\/\/www.amt.genova.it\/amt\/wp-json\/wp\/v2\/media?parent=47303"}],"wp:term":[{"taxonomy":"category","embeddable":true,"href":"https:\/\/www.amt.genova.it\/amt\/wp-json\/wp\/v2\/categories?post=47303"},{"taxonomy":"post_tag","embeddable":true,"href":"https:\/\/www.amt.genova.it\/amt\/wp-json\/wp\/v2\/tags?post=47303"}],"curies":[{"name":"wp","href":"https:\/\/api.w.org\/{rel}","templated":true}]}}