{"id":46817,"date":"2024-11-03T18:44:35","date_gmt":"2024-11-03T17:44:35","guid":{"rendered":"https:\/\/www.amt.genova.it\/amt\/?p=46817"},"modified":"2024-11-07T11:01:13","modified_gmt":"2024-11-07T10:01:13","slug":"metropolitana-il-programma-delle-attivita-di-manutenzione-serale-previsto-lunedi-4-martedi-5-e-mercoledi-6-novembmetropolitana-il-programma-delle-attivita-di-manutenzione-serale-previsto-lunedi-4","status":"publish","type":"post","link":"https:\/\/www.amt.genova.it\/amt\/metropolitana-il-programma-delle-attivita-di-manutenzione-serale-previsto-lunedi-4-martedi-5-e-mercoledi-6-novembmetropolitana-il-programma-delle-attivita-di-manutenzione-serale-previsto-lunedi-4\/","title":{"rendered":"Metropolitana: il programma delle attivit\u00e0 di manutenzione serale previsto luned\u00ec 4, marted\u00ec 5 e mercoled\u00ec 6 novembre"},"content":{"rendered":"<p>Il piano delle attivit\u00e0 di manutenzione serale della metropolitana della prossima settimana prevede: il revamping dei sistemi di rilevazione incendio in galleria, l\u2019installazione della nuova illuminazione LED nelle stazioni e le prove in linea dei nuovi treni Hitachi.<\/p>\n<p>Per consentire l\u2019effettuazione dei lavori \u00e8 prevista la chiusura anticipata della metro nelle sere di <strong>luned\u00ec 4, marted\u00ec 5 e mercoled\u00ec 6 novembre<\/strong>. Le ultime partenze saranno <strong>alle ore 21.10 da Brin<\/strong> per Brignole e <strong>alle ore 21.17 da Brignole<\/strong> per Brin.<\/p>\n<p>Ricordiamo che la chiusura serale anticipata della metro consente di avere a disposizione le giuste tempistiche per l\u2019effettuazione dei lavori previsti e di svolgere in sicurezza, ovvero senza la circolazione dei treni, tutte le attivit\u00e0 programmate.<\/p>\n<p>Il collegamento serale con la Valpolcevera \u00e8 garantito dalla <strong>linea 9<\/strong> (Caricamento - Brin - Pontedecimo).<\/p>\n ","protected":false},"excerpt":{"rendered":"Il piano delle attivit\u00e0 di manutenzione serale della metropolitana della prossima settimana prevede: il revamping dei sistemi di rilevazione incendio in galleria, l\u2019installazione della nuova illuminazione LED nelle stazioni e le prove in linea dei nuovi treni Hitachi. Per consentire l\u2019effettuazione dei lavori \u00e8 prevista la chiusura anticipata della metro nelle sere di luned\u00ec 4, marted\u00ec 5 e mercoled\u00ec 6&nbsp;<a href=\"https:\/\/www.amt.genova.it\/amt\/metropolitana-il-programma-delle-attivita-di-manutenzione-serale-previsto-lunedi-4-martedi-5-e-mercoledi-6-novembmetropolitana-il-programma-delle-attivita-di-manutenzione-serale-previsto-lunedi-4\/\" class=\"read-more\">Continue Reading<\/a>","protected":false},"author":2,"featured_media":3249,"comment_status":"closed","ping_status":"closed","sticky":false,"template":"","format":"standard","meta":{"footnotes":""},"categories":[4,64],"tags":[],"class_list":["post-46817","post","type-post","status-publish","format-standard","has-post-thumbnail","hentry","category-notizie","category-urbano","cat-4-id","cat-64-id"],"_links":{"self":[{"href":"https:\/\/www.amt.genova.it\/amt\/wp-json\/wp\/v2\/posts\/46817","targetHints":{"allow":["GET"]}}],"collection":[{"href":"https:\/\/www.amt.genova.it\/amt\/wp-json\/wp\/v2\/posts"}],"about":[{"href":"https:\/\/www.amt.genova.it\/amt\/wp-json\/wp\/v2\/types\/post"}],"author":[{"embeddable":true,"href":"https:\/\/www.amt.genova.it\/amt\/wp-json\/wp\/v2\/users\/2"}],"replies":[{"embeddable":true,"href":"https:\/\/www.amt.genova.it\/amt\/wp-json\/wp\/v2\/comments?post=46817"}],"version-history":[{"count":4,"href":"https:\/\/www.amt.genova.it\/amt\/wp-json\/wp\/v2\/posts\/46817\/revisions"}],"predecessor-version":[{"id":46821,"href":"https:\/\/www.amt.genova.it\/amt\/wp-json\/wp\/v2\/posts\/46817\/revisions\/46821"}],"wp:featuredmedia":[{"embeddable":true,"href":"https:\/\/www.amt.genova.it\/amt\/wp-json\/wp\/v2\/media\/3249"}],"wp:attachment":[{"href":"https:\/\/www.amt.genova.it\/amt\/wp-json\/wp\/v2\/media?parent=46817"}],"wp:term":[{"taxonomy":"category","embeddable":true,"href":"https:\/\/www.amt.genova.it\/amt\/wp-json\/wp\/v2\/categories?post=46817"},{"taxonomy":"post_tag","embeddable":true,"href":"https:\/\/www.amt.genova.it\/amt\/wp-json\/wp\/v2\/tags?post=46817"}],"curies":[{"name":"wp","href":"https:\/\/api.w.org\/{rel}","templated":true}]}}