{"id":45801,"date":"2024-08-14T11:02:43","date_gmt":"2024-08-14T09:02:43","guid":{"rendered":"https:\/\/www.amt.genova.it\/amt\/?p=45801"},"modified":"2024-08-22T10:15:14","modified_gmt":"2024-08-22T08:15:14","slug":"metropolitana-il-programma-delle-attivita-di-manutenzione-serale-da-martedi-20-a-mercoledi-21-agosto","status":"publish","type":"post","link":"https:\/\/www.amt.genova.it\/amt\/metropolitana-il-programma-delle-attivita-di-manutenzione-serale-da-martedi-20-a-mercoledi-21-agosto\/","title":{"rendered":"Metropolitana: il programma delle attivit\u00e0 di manutenzione serale da marted\u00ec 20 a mercoled\u00ec 21 agosto"},"content":{"rendered":"<p>Il piano delle attivit\u00e0 di manutenzione serale della metropolitana della settimana prevede: il revamping dei sistemi di rilevazione incendio, l\u2019installazione di access point per la rete Wi-Fi, l\u2019installazione della nuova illuminazione LED nelle stazioni e le prove dinamiche in linea con il nuovo treno Hitachi.<\/p>\n<p>Per consentire l\u2019effettuazione dei lavori \u00e8 prevista la chiusura anticipata della metro nelle sere di <strong>marted\u00ec 20 e mercoled\u00ec 21 agosto<\/strong>. Le ultime partenze saranno <strong>alle ore 21.10 da Brin<\/strong> per Brignole e <strong>alle ore 21.21 da Brignole<\/strong> per Brin.<\/p>\n<p>Ricordiamo che la chiusura serale anticipata della metro consente di avere a disposizione le giuste tempistiche per l\u2019effettuazione dei lavori previsti e di svolgere in sicurezza, ovvero senza la circolazione dei treni, tutte le attivit\u00e0 programmate.<\/p>\n<p>Il collegamento serale con la Valpolcevera \u00e8 garantito dalla <strong>linea 9<\/strong> (Caricamento - Brin - Pontedecimo).<\/p>\n ","protected":false},"excerpt":{"rendered":"Il piano delle attivit\u00e0 di manutenzione serale della metropolitana della settimana prevede: il revamping dei sistemi di rilevazione incendio, l\u2019installazione di access point per la rete Wi-Fi, l\u2019installazione della nuova illuminazione LED nelle stazioni e le prove dinamiche in linea con il nuovo treno Hitachi. Per consentire l\u2019effettuazione dei lavori \u00e8 prevista la chiusura anticipata della metro nelle sere di&nbsp;<a href=\"https:\/\/www.amt.genova.it\/amt\/metropolitana-il-programma-delle-attivita-di-manutenzione-serale-da-martedi-20-a-mercoledi-21-agosto\/\" class=\"read-more\">Continue Reading<\/a>","protected":false},"author":2,"featured_media":25026,"comment_status":"closed","ping_status":"closed","sticky":false,"template":"","format":"standard","meta":{"footnotes":""},"categories":[4,64],"tags":[],"class_list":["post-45801","post","type-post","status-publish","format-standard","has-post-thumbnail","hentry","category-notizie","category-urbano","cat-4-id","cat-64-id"],"_links":{"self":[{"href":"https:\/\/www.amt.genova.it\/amt\/wp-json\/wp\/v2\/posts\/45801","targetHints":{"allow":["GET"]}}],"collection":[{"href":"https:\/\/www.amt.genova.it\/amt\/wp-json\/wp\/v2\/posts"}],"about":[{"href":"https:\/\/www.amt.genova.it\/amt\/wp-json\/wp\/v2\/types\/post"}],"author":[{"embeddable":true,"href":"https:\/\/www.amt.genova.it\/amt\/wp-json\/wp\/v2\/users\/2"}],"replies":[{"embeddable":true,"href":"https:\/\/www.amt.genova.it\/amt\/wp-json\/wp\/v2\/comments?post=45801"}],"version-history":[{"count":2,"href":"https:\/\/www.amt.genova.it\/amt\/wp-json\/wp\/v2\/posts\/45801\/revisions"}],"predecessor-version":[{"id":45813,"href":"https:\/\/www.amt.genova.it\/amt\/wp-json\/wp\/v2\/posts\/45801\/revisions\/45813"}],"wp:featuredmedia":[{"embeddable":true,"href":"https:\/\/www.amt.genova.it\/amt\/wp-json\/wp\/v2\/media\/25026"}],"wp:attachment":[{"href":"https:\/\/www.amt.genova.it\/amt\/wp-json\/wp\/v2\/media?parent=45801"}],"wp:term":[{"taxonomy":"category","embeddable":true,"href":"https:\/\/www.amt.genova.it\/amt\/wp-json\/wp\/v2\/categories?post=45801"},{"taxonomy":"post_tag","embeddable":true,"href":"https:\/\/www.amt.genova.it\/amt\/wp-json\/wp\/v2\/tags?post=45801"}],"curies":[{"name":"wp","href":"https:\/\/api.w.org\/{rel}","templated":true}]}}