{"id":45712,"date":"2024-07-26T10:50:55","date_gmt":"2024-07-26T08:50:55","guid":{"rendered":"https:\/\/www.amt.genova.it\/amt\/?p=45712"},"modified":"2024-07-31T08:18:25","modified_gmt":"2024-07-31T06:18:25","slug":"ferrovia-genova-casella-servizio-misto-treno-e-bus-lunedi-29-e-martedi-30-luglio","status":"publish","type":"post","link":"https:\/\/www.amt.genova.it\/amt\/ferrovia-genova-casella-servizio-misto-treno-e-bus-lunedi-29-e-martedi-30-luglio\/","title":{"rendered":"Ferrovia Genova Casella servizio misto treno e bus luned\u00ec 29 e marted\u00ec 30 luglio"},"content":{"rendered":"<p>Si informa che, per consentire lo svolgimento di attivit\u00e0 di manutenzione programmata sull\u2019infrastruttura della ferrovia, nelle giornate di<strong> luned\u00ec 29 e marted\u00ec 30 luglio<\/strong>, il servizio della<strong> Ferrovia Genova-Casella <\/strong>viene svolto in <strong>modalit\u00e0 mista bus\/treno.<\/strong><\/p>\n<p>Di seguito riportiamo il servizio misto bus\/treno dettagliato.<\/p>\n<ul>\n<li><strong>Luned\u00ec 29 luglio<\/strong><\/li>\n<\/ul>\n<p>A partire<strong> dalle ore 07:30 <\/strong>a fine giornata il servizio viene svolto con<strong> treno <\/strong>sulla<strong> tratta Genova\/Vicomorasso <\/strong>e con<strong> bus sostitutivo <\/strong>sulla<strong> tratta Vicomorasso\/Casella.<\/strong><\/p>\n<ul>\n<li><strong>\u00a0<\/strong><strong>Marted\u00ec 30 luglio<\/strong><\/li>\n<\/ul>\n<p>Il servizio viene svolto per l\u2019intera giornata con<strong> treno <\/strong>sulla<strong> tratta Genova\/Vicomorasso <\/strong>e con<strong> bus sostitutivo <\/strong>sulla<strong> tratta Vicomorasso\/Casella.<\/strong><\/p>\n<p><strong>\u00a0<\/strong>Gli orari sono consultabili sul sito <a href=\"https:\/\/www.ferroviagenovacasella.it\/geca\/orari\/\">www.ferroviagenovacasella.it<\/a> e nelle stazioni.<\/p>\n ","protected":false},"excerpt":{"rendered":"Si informa che, per consentire lo svolgimento di attivit\u00e0 di manutenzione programmata sull\u2019infrastruttura della ferrovia, nelle giornate di luned\u00ec 29 e marted\u00ec 30 luglio, il servizio della Ferrovia Genova-Casella viene svolto in modalit\u00e0 mista bus\/treno. Di seguito riportiamo il servizio misto bus\/treno dettagliato. Luned\u00ec 29 luglio A partire dalle ore 07:30 a fine giornata il servizio viene svolto con treno&nbsp;<a href=\"https:\/\/www.amt.genova.it\/amt\/ferrovia-genova-casella-servizio-misto-treno-e-bus-lunedi-29-e-martedi-30-luglio\/\" class=\"read-more\">Continue Reading<\/a>","protected":false},"author":2,"featured_media":8395,"comment_status":"closed","ping_status":"closed","sticky":false,"template":"","format":"standard","meta":{"footnotes":""},"categories":[4],"tags":[],"class_list":["post-45712","post","type-post","status-publish","format-standard","has-post-thumbnail","hentry","category-notizie","cat-4-id"],"_links":{"self":[{"href":"https:\/\/www.amt.genova.it\/amt\/wp-json\/wp\/v2\/posts\/45712","targetHints":{"allow":["GET"]}}],"collection":[{"href":"https:\/\/www.amt.genova.it\/amt\/wp-json\/wp\/v2\/posts"}],"about":[{"href":"https:\/\/www.amt.genova.it\/amt\/wp-json\/wp\/v2\/types\/post"}],"author":[{"embeddable":true,"href":"https:\/\/www.amt.genova.it\/amt\/wp-json\/wp\/v2\/users\/2"}],"replies":[{"embeddable":true,"href":"https:\/\/www.amt.genova.it\/amt\/wp-json\/wp\/v2\/comments?post=45712"}],"version-history":[{"count":2,"href":"https:\/\/www.amt.genova.it\/amt\/wp-json\/wp\/v2\/posts\/45712\/revisions"}],"predecessor-version":[{"id":45716,"href":"https:\/\/www.amt.genova.it\/amt\/wp-json\/wp\/v2\/posts\/45712\/revisions\/45716"}],"wp:featuredmedia":[{"embeddable":true,"href":"https:\/\/www.amt.genova.it\/amt\/wp-json\/wp\/v2\/media\/8395"}],"wp:attachment":[{"href":"https:\/\/www.amt.genova.it\/amt\/wp-json\/wp\/v2\/media?parent=45712"}],"wp:term":[{"taxonomy":"category","embeddable":true,"href":"https:\/\/www.amt.genova.it\/amt\/wp-json\/wp\/v2\/categories?post=45712"},{"taxonomy":"post_tag","embeddable":true,"href":"https:\/\/www.amt.genova.it\/amt\/wp-json\/wp\/v2\/tags?post=45712"}],"curies":[{"name":"wp","href":"https:\/\/api.w.org\/{rel}","templated":true}]}}