{"id":45695,"date":"2024-07-25T13:52:28","date_gmt":"2024-07-25T11:52:28","guid":{"rendered":"https:\/\/www.amt.genova.it\/amt\/?p=45695"},"modified":"2024-08-08T10:42:26","modified_gmt":"2024-08-08T08:42:26","slug":"linea-870-ferriere-lumarzo-colle-caprile-da-lunedi-29-luglio-modifiche-al-servizio","status":"publish","type":"post","link":"https:\/\/www.amt.genova.it\/amt\/linea-870-ferriere-lumarzo-colle-caprile-da-lunedi-29-luglio-modifiche-al-servizio\/","title":{"rendered":"Linea 870 Ferriere &#8211; Lumarzo &#8211; Colle Caprile.  Da luned\u00ec 29 luglio modifiche al servizio"},"content":{"rendered":"<p>Da <strong>luned\u00ec 29 luglio<\/strong> la corsa della <strong>linea 870<\/strong> da Ferrada per Colle Caprile delle ore 8:05 verr\u00e0 anticipata alle 7:50 mentre la corsa in partenza da Colle Caprile alle 8:32 per Gattorna verr\u00e0 anticipata alle 8:17 per consentire la coincidenza a Ferriere con la corsa della <strong>linea 715<\/strong> per Genova alle ore 8:50.<\/p>\n ","protected":false},"excerpt":{"rendered":"Da luned\u00ec 29 luglio la corsa della linea 870 da Ferrada per Colle Caprile delle ore 8:05 verr\u00e0 anticipata alle 7:50 mentre la corsa in partenza da Colle Caprile alle 8:32 per Gattorna verr\u00e0 anticipata alle 8:17 per consentire la coincidenza a Ferriere con la corsa della linea 715 per Genova alle ore 8:50.","protected":false},"author":2,"featured_media":35280,"comment_status":"closed","ping_status":"closed","sticky":false,"template":"","format":"standard","meta":{"footnotes":""},"categories":[4,65],"tags":[],"class_list":["post-45695","post","type-post","status-publish","format-standard","has-post-thumbnail","hentry","category-notizie","category-provinciale","cat-4-id","cat-65-id"],"_links":{"self":[{"href":"https:\/\/www.amt.genova.it\/amt\/wp-json\/wp\/v2\/posts\/45695","targetHints":{"allow":["GET"]}}],"collection":[{"href":"https:\/\/www.amt.genova.it\/amt\/wp-json\/wp\/v2\/posts"}],"about":[{"href":"https:\/\/www.amt.genova.it\/amt\/wp-json\/wp\/v2\/types\/post"}],"author":[{"embeddable":true,"href":"https:\/\/www.amt.genova.it\/amt\/wp-json\/wp\/v2\/users\/2"}],"replies":[{"embeddable":true,"href":"https:\/\/www.amt.genova.it\/amt\/wp-json\/wp\/v2\/comments?post=45695"}],"version-history":[{"count":1,"href":"https:\/\/www.amt.genova.it\/amt\/wp-json\/wp\/v2\/posts\/45695\/revisions"}],"predecessor-version":[{"id":45696,"href":"https:\/\/www.amt.genova.it\/amt\/wp-json\/wp\/v2\/posts\/45695\/revisions\/45696"}],"wp:featuredmedia":[{"embeddable":true,"href":"https:\/\/www.amt.genova.it\/amt\/wp-json\/wp\/v2\/media\/35280"}],"wp:attachment":[{"href":"https:\/\/www.amt.genova.it\/amt\/wp-json\/wp\/v2\/media?parent=45695"}],"wp:term":[{"taxonomy":"category","embeddable":true,"href":"https:\/\/www.amt.genova.it\/amt\/wp-json\/wp\/v2\/categories?post=45695"},{"taxonomy":"post_tag","embeddable":true,"href":"https:\/\/www.amt.genova.it\/amt\/wp-json\/wp\/v2\/tags?post=45695"}],"curies":[{"name":"wp","href":"https:\/\/api.w.org\/{rel}","templated":true}]}}