{"id":45648,"date":"2024-07-23T16:54:11","date_gmt":"2024-07-23T14:54:11","guid":{"rendered":"https:\/\/www.amt.genova.it\/amt\/?p=45648"},"modified":"2024-07-29T08:11:12","modified_gmt":"2024-07-29T06:11:12","slug":"linea-711-variazione-al-percorso-in-localita-parazzuolo","status":"publish","type":"post","link":"https:\/\/www.amt.genova.it\/amt\/linea-711-variazione-al-percorso-in-localita-parazzuolo\/","title":{"rendered":"Linea 711 variazione al percorso in localit\u00e0 Parazzuolo"},"content":{"rendered":"<p>Si informa che in occasione della festa di S. Anna, che si terr\u00e0 a Parazzuolo, verr\u00e0 interdetto il traffico veicolare nel centro del paese,<strong> dalle ore 18 di mercoled\u00ec 24 e fino al termine del servizio di domenica 28 luglio<\/strong>.<br \/>\nIn tale periodo i bus della <strong>linea 711<\/strong> transiteranno sulla SS 586 dove verr\u00e0 posizionata una fermata provvisoria.<\/p>\n ","protected":false},"excerpt":{"rendered":"Si informa che in occasione della festa di S. Anna, che si terr\u00e0 a Parazzuolo, verr\u00e0 interdetto il traffico veicolare nel centro del paese, dalle ore 18 di mercoled\u00ec 24 e fino al termine del servizio di domenica 28 luglio. In tale periodo i bus della linea 711 transiteranno sulla SS 586 dove verr\u00e0 posizionata una fermata provvisoria.","protected":false},"author":2,"featured_media":30845,"comment_status":"closed","ping_status":"closed","sticky":false,"template":"","format":"standard","meta":{"footnotes":""},"categories":[4,65],"tags":[],"class_list":["post-45648","post","type-post","status-publish","format-standard","has-post-thumbnail","hentry","category-notizie","category-provinciale","cat-4-id","cat-65-id"],"_links":{"self":[{"href":"https:\/\/www.amt.genova.it\/amt\/wp-json\/wp\/v2\/posts\/45648","targetHints":{"allow":["GET"]}}],"collection":[{"href":"https:\/\/www.amt.genova.it\/amt\/wp-json\/wp\/v2\/posts"}],"about":[{"href":"https:\/\/www.amt.genova.it\/amt\/wp-json\/wp\/v2\/types\/post"}],"author":[{"embeddable":true,"href":"https:\/\/www.amt.genova.it\/amt\/wp-json\/wp\/v2\/users\/2"}],"replies":[{"embeddable":true,"href":"https:\/\/www.amt.genova.it\/amt\/wp-json\/wp\/v2\/comments?post=45648"}],"version-history":[{"count":2,"href":"https:\/\/www.amt.genova.it\/amt\/wp-json\/wp\/v2\/posts\/45648\/revisions"}],"predecessor-version":[{"id":45650,"href":"https:\/\/www.amt.genova.it\/amt\/wp-json\/wp\/v2\/posts\/45648\/revisions\/45650"}],"wp:featuredmedia":[{"embeddable":true,"href":"https:\/\/www.amt.genova.it\/amt\/wp-json\/wp\/v2\/media\/30845"}],"wp:attachment":[{"href":"https:\/\/www.amt.genova.it\/amt\/wp-json\/wp\/v2\/media?parent=45648"}],"wp:term":[{"taxonomy":"category","embeddable":true,"href":"https:\/\/www.amt.genova.it\/amt\/wp-json\/wp\/v2\/categories?post=45648"},{"taxonomy":"post_tag","embeddable":true,"href":"https:\/\/www.amt.genova.it\/amt\/wp-json\/wp\/v2\/tags?post=45648"}],"curies":[{"name":"wp","href":"https:\/\/api.w.org\/{rel}","templated":true}]}}