{"id":45631,"date":"2024-07-21T18:47:02","date_gmt":"2024-07-21T16:47:02","guid":{"rendered":"https:\/\/www.amt.genova.it\/amt\/?p=45631"},"modified":"2024-07-29T08:11:43","modified_gmt":"2024-07-29T06:11:43","slug":"metropolitana-il-programma-delle-attivita-di-manutenzione-serale-da-lunedi-22-a-giovedi-25-luglio","status":"publish","type":"post","link":"https:\/\/www.amt.genova.it\/amt\/metropolitana-il-programma-delle-attivita-di-manutenzione-serale-da-lunedi-22-a-giovedi-25-luglio\/","title":{"rendered":"Metropolitana: il programma delle attivit\u00e0 di manutenzione serale da luned\u00ec 22 a gioved\u00ec 25 luglio"},"content":{"rendered":"<p class=\"s8\"><span class=\"s10\"><span class=\"bumpedFont15\">Il p<\/span><\/span><span class=\"s10\"><span class=\"bumpedFont15\">iano delle attivit\u00e0 di manuten<\/span><\/span><span class=\"s10\"><span class=\"bumpedFont15\">zione serale della metropolitana della prossima <\/span><\/span><span class=\"s10\"><span class=\"bumpedFont15\">settimana<\/span><\/span> <span class=\"s10\"><span class=\"bumpedFont15\">p<\/span><\/span><span class=\"s10\"><span class=\"bumpedFont15\">revede: il <\/span><\/span><span class=\"s10\"><span class=\"bumpedFont15\">revamping dei sistemi di rilevazione incendio, l\u2019installazione di access point per la rete Wi-Fi, l\u2019installazione della nuova illuminazione LED nelle stazioni e le prove dinamiche in linea con il nuovo treno Hitachi.<\/span><\/span><\/p>\n<p class=\"s11\"><span class=\"s10\"><span class=\"bumpedFont15\">Per consentire l\u2019effettuazione dei lavori \u00e8 prevista la chiusura anticipata della metro nelle sere di <\/span><\/span><span class=\"s12\"><span class=\"bumpedFont15\"><b>luned\u00ec 22, marted\u00ec 23, mercoled\u00ec 24 e gioved\u00ec 25 luglio<\/b><\/span><\/span><span class=\"s10\"><span class=\"bumpedFont15\">. Le ultime partenze saranno <\/span><\/span><span class=\"s12\"><span class=\"bumpedFont15\">alle ore 21.10 da Brin<\/span><\/span><span class=\"s10\"><span class=\"bumpedFont15\"> per Brignole e <\/span><\/span><span class=\"s12\"><span class=\"bumpedFont15\">alle ore 21.17 da Brignole<\/span><\/span><span class=\"s10\"><span class=\"bumpedFont15\"> per Brin.<\/span><\/span><\/p>\n<p class=\"s11\"><span class=\"s10\"><span class=\"bumpedFont15\">Ricordiamo che la chiusura serale anticipata della metro consente di avere a disposizione le giuste tempistiche per l\u2019effettuazione dei lavori previsti e di svolgere in sicurezza, ovvero senza la circolazione dei treni, tutte le attivit\u00e0 programmate.<\/span><\/span><\/p>\n<p class=\"s11\"><span class=\"s10\"><span class=\"bumpedFont15\">Il collegamento serale con la Valpolcevera \u00e8 garantito dalla <\/span><\/span><span class=\"s12\"><span class=\"bumpedFont15\">linea 9 (<\/span><\/span><span class=\"s10\"><span class=\"bumpedFont15\">Caricamento - Brin - Pontedecimo).<\/span><\/span><\/p>\n ","protected":false},"excerpt":{"rendered":"Il piano delle attivit\u00e0 di manutenzione serale della metropolitana della prossima settimana prevede: il revamping dei sistemi di rilevazione incendio, l\u2019installazione di access point per la rete Wi-Fi, l\u2019installazione della nuova illuminazione LED nelle stazioni e le prove dinamiche in linea con il nuovo treno Hitachi. Per consentire l\u2019effettuazione dei lavori \u00e8 prevista la chiusura anticipata della metro nelle sere&nbsp;<a href=\"https:\/\/www.amt.genova.it\/amt\/metropolitana-il-programma-delle-attivita-di-manutenzione-serale-da-lunedi-22-a-giovedi-25-luglio\/\" class=\"read-more\">Continue Reading<\/a>","protected":false},"author":2,"featured_media":25026,"comment_status":"closed","ping_status":"closed","sticky":false,"template":"","format":"standard","meta":{"footnotes":""},"categories":[4,65],"tags":[],"class_list":["post-45631","post","type-post","status-publish","format-standard","has-post-thumbnail","hentry","category-notizie","category-provinciale","cat-4-id","cat-65-id"],"_links":{"self":[{"href":"https:\/\/www.amt.genova.it\/amt\/wp-json\/wp\/v2\/posts\/45631","targetHints":{"allow":["GET"]}}],"collection":[{"href":"https:\/\/www.amt.genova.it\/amt\/wp-json\/wp\/v2\/posts"}],"about":[{"href":"https:\/\/www.amt.genova.it\/amt\/wp-json\/wp\/v2\/types\/post"}],"author":[{"embeddable":true,"href":"https:\/\/www.amt.genova.it\/amt\/wp-json\/wp\/v2\/users\/2"}],"replies":[{"embeddable":true,"href":"https:\/\/www.amt.genova.it\/amt\/wp-json\/wp\/v2\/comments?post=45631"}],"version-history":[{"count":1,"href":"https:\/\/www.amt.genova.it\/amt\/wp-json\/wp\/v2\/posts\/45631\/revisions"}],"predecessor-version":[{"id":45632,"href":"https:\/\/www.amt.genova.it\/amt\/wp-json\/wp\/v2\/posts\/45631\/revisions\/45632"}],"wp:featuredmedia":[{"embeddable":true,"href":"https:\/\/www.amt.genova.it\/amt\/wp-json\/wp\/v2\/media\/25026"}],"wp:attachment":[{"href":"https:\/\/www.amt.genova.it\/amt\/wp-json\/wp\/v2\/media?parent=45631"}],"wp:term":[{"taxonomy":"category","embeddable":true,"href":"https:\/\/www.amt.genova.it\/amt\/wp-json\/wp\/v2\/categories?post=45631"},{"taxonomy":"post_tag","embeddable":true,"href":"https:\/\/www.amt.genova.it\/amt\/wp-json\/wp\/v2\/tags?post=45631"}],"curies":[{"name":"wp","href":"https:\/\/api.w.org\/{rel}","templated":true}]}}