{"id":45588,"date":"2024-07-14T19:52:58","date_gmt":"2024-07-14T17:52:58","guid":{"rendered":"https:\/\/www.amt.genova.it\/amt\/?p=45588"},"modified":"2024-07-22T08:38:01","modified_gmt":"2024-07-22T06:38:01","slug":"metropolitana-il-programma-delle-attivita-di-manutenzione-serale-da-martedi-16-a-giovedi-18-luglio","status":"publish","type":"post","link":"https:\/\/www.amt.genova.it\/amt\/metropolitana-il-programma-delle-attivita-di-manutenzione-serale-da-martedi-16-a-giovedi-18-luglio\/","title":{"rendered":"Metropolitana: il programma delle attivit\u00e0 di manutenzione serale da marted\u00ec 16 a gioved\u00ec 18 luglio"},"content":{"rendered":"<p>Il piano delle attivit\u00e0 di manutenzione serale della metropolitana della prossima settimana prevede l\u2019aggiornamento ai sistemi di radiocomunicazione, l\u2019installazione della nuova illuminazione LED e le prove dinamiche in linea con il nuovo treno Hitachi.<\/p>\n<p>Per consentire l\u2019effettuazione dei lavori \u00e8 prevista la chiusura anticipata della metro nelle sere di <strong>marted\u00ec 16,<\/strong> <strong>mercoled\u00ec 17 e gioved\u00ec 18 luglio<\/strong>. Le ultime partenze saranno alle <strong>ore 21.10 da Brin<\/strong> per Brignole e alle <strong>ore 21.17 da Brignole<\/strong> per Brin.<\/p>\n<p>Ricordiamo che la chiusura serale anticipata della metro consente di avere a disposizione le giuste tempistiche per l\u2019effettuazione dei lavori previsti e di svolgere in sicurezza, ovvero senza la circolazione dei treni, tutte le attivit\u00e0 programmate.<\/p>\n<p>Il collegamento serale con la Valpolcevera \u00e8 garantito dalla <strong>linea 9<\/strong> (Caricamento - Brin - Pontedecimo).<\/p>\n ","protected":false},"excerpt":{"rendered":"Il piano delle attivit\u00e0 di manutenzione serale della metropolitana della prossima settimana prevede l\u2019aggiornamento ai sistemi di radiocomunicazione, l\u2019installazione della nuova illuminazione LED e le prove dinamiche in linea con il nuovo treno Hitachi. Per consentire l\u2019effettuazione dei lavori \u00e8 prevista la chiusura anticipata della metro nelle sere di marted\u00ec 16, mercoled\u00ec 17 e gioved\u00ec 18 luglio. Le ultime partenze&nbsp;<a href=\"https:\/\/www.amt.genova.it\/amt\/metropolitana-il-programma-delle-attivita-di-manutenzione-serale-da-martedi-16-a-giovedi-18-luglio\/\" class=\"read-more\">Continue Reading<\/a>","protected":false},"author":2,"featured_media":25026,"comment_status":"closed","ping_status":"closed","sticky":false,"template":"","format":"standard","meta":{"footnotes":""},"categories":[4,64],"tags":[],"class_list":["post-45588","post","type-post","status-publish","format-standard","has-post-thumbnail","hentry","category-notizie","category-urbano","cat-4-id","cat-64-id"],"_links":{"self":[{"href":"https:\/\/www.amt.genova.it\/amt\/wp-json\/wp\/v2\/posts\/45588","targetHints":{"allow":["GET"]}}],"collection":[{"href":"https:\/\/www.amt.genova.it\/amt\/wp-json\/wp\/v2\/posts"}],"about":[{"href":"https:\/\/www.amt.genova.it\/amt\/wp-json\/wp\/v2\/types\/post"}],"author":[{"embeddable":true,"href":"https:\/\/www.amt.genova.it\/amt\/wp-json\/wp\/v2\/users\/2"}],"replies":[{"embeddable":true,"href":"https:\/\/www.amt.genova.it\/amt\/wp-json\/wp\/v2\/comments?post=45588"}],"version-history":[{"count":1,"href":"https:\/\/www.amt.genova.it\/amt\/wp-json\/wp\/v2\/posts\/45588\/revisions"}],"predecessor-version":[{"id":45589,"href":"https:\/\/www.amt.genova.it\/amt\/wp-json\/wp\/v2\/posts\/45588\/revisions\/45589"}],"wp:featuredmedia":[{"embeddable":true,"href":"https:\/\/www.amt.genova.it\/amt\/wp-json\/wp\/v2\/media\/25026"}],"wp:attachment":[{"href":"https:\/\/www.amt.genova.it\/amt\/wp-json\/wp\/v2\/media?parent=45588"}],"wp:term":[{"taxonomy":"category","embeddable":true,"href":"https:\/\/www.amt.genova.it\/amt\/wp-json\/wp\/v2\/categories?post=45588"},{"taxonomy":"post_tag","embeddable":true,"href":"https:\/\/www.amt.genova.it\/amt\/wp-json\/wp\/v2\/tags?post=45588"}],"curies":[{"name":"wp","href":"https:\/\/api.w.org\/{rel}","templated":true}]}}