{"id":45513,"date":"2024-07-09T08:59:48","date_gmt":"2024-07-09T06:59:48","guid":{"rendered":"https:\/\/www.amt.genova.it\/amt\/?p=45513"},"modified":"2024-07-12T10:34:32","modified_gmt":"2024-07-12T08:34:32","slug":"linee-1-7-9-20-n1-e-n2","status":"publish","type":"post","link":"https:\/\/www.amt.genova.it\/amt\/linee-1-7-9-20-n1-e-n2\/","title":{"rendered":"Linee 1, 7, 9, 20, N1 e N2"},"content":{"rendered":"<p>A seguito della chiusura notturna al transito veicolare di via Buranello, le<strong> linee 1, 7, 9, 20, N1 e N2 <\/strong>modificano il percorso come di seguito indicato nei seguenti giorni e orari:<\/p>\n<ul>\n<li><strong>dalle ore 21.00 di marted\u00ec 9 luglio fino alle ore 05.00 di mercoled\u00ec 10 luglio <\/strong><\/li>\n<li><strong>dalle ore 21.00 di mercoled\u00ec 10 luglio fino alle ore 05.00 di gioved\u00ec 11 luglio<\/strong><\/li>\n<li><strong>dalle ore 21.00 di gioved\u00ec 11 luglio fino alle ore 05.00 di venerd\u00ec 12 luglio<\/strong><\/li>\n<\/ul>\n<p><strong>Linee 1 e N2<\/strong><\/p>\n<p><strong>Direzione ponente: <\/strong>i bus, giunti in via Milano, proseguono per via Cantore, piazza Montano, sottopasso ferroviario, rotatoria Veneto, via Avio dove riprendono regolare percorso. <strong>Direzione levante:<\/strong> percorso regolare.<\/p>\n<p><strong>Linee 7, 9 e N1<\/strong><\/p>\n<p><strong>Direzione ponente: <\/strong>i bus, giunti in via Milano, proseguono per via Cantore, piazza Montano, via Reti dove riprendono regolare percorso. <strong>Direzione levante: <\/strong>percorso regolare.<\/p>\n<p><strong>Linea 20<\/strong><\/p>\n<p><strong>Direzione ponente:<\/strong> i bus, giunti in via Milano, proseguono per via Cantore, piazza Montano, nuovamente via Cantore dove effettueranno capolinea provvisorio. <strong>Direzione levante:<\/strong> i bus, in partenza dal capolinea provvisorio, proseguiranno per via Cantore dove riprenderanno regolare percorso.<\/p>\n ","protected":false},"excerpt":{"rendered":"A seguito della chiusura notturna al transito veicolare di via Buranello, le linee 1, 7, 9, 20, N1 e N2 modificano il percorso come di seguito indicato nei seguenti giorni e orari: dalle ore 21.00 di marted\u00ec 9 luglio fino alle ore 05.00 di mercoled\u00ec 10 luglio dalle ore 21.00 di mercoled\u00ec 10 luglio fino alle ore 05.00 di gioved\u00ec&nbsp;<a href=\"https:\/\/www.amt.genova.it\/amt\/linee-1-7-9-20-n1-e-n2\/\" class=\"read-more\">Continue Reading<\/a>","protected":false},"author":2,"featured_media":20350,"comment_status":"closed","ping_status":"closed","sticky":false,"template":"","format":"standard","meta":{"footnotes":""},"categories":[4,64],"tags":[],"class_list":["post-45513","post","type-post","status-publish","format-standard","has-post-thumbnail","hentry","category-notizie","category-urbano","cat-4-id","cat-64-id"],"_links":{"self":[{"href":"https:\/\/www.amt.genova.it\/amt\/wp-json\/wp\/v2\/posts\/45513","targetHints":{"allow":["GET"]}}],"collection":[{"href":"https:\/\/www.amt.genova.it\/amt\/wp-json\/wp\/v2\/posts"}],"about":[{"href":"https:\/\/www.amt.genova.it\/amt\/wp-json\/wp\/v2\/types\/post"}],"author":[{"embeddable":true,"href":"https:\/\/www.amt.genova.it\/amt\/wp-json\/wp\/v2\/users\/2"}],"replies":[{"embeddable":true,"href":"https:\/\/www.amt.genova.it\/amt\/wp-json\/wp\/v2\/comments?post=45513"}],"version-history":[{"count":2,"href":"https:\/\/www.amt.genova.it\/amt\/wp-json\/wp\/v2\/posts\/45513\/revisions"}],"predecessor-version":[{"id":45515,"href":"https:\/\/www.amt.genova.it\/amt\/wp-json\/wp\/v2\/posts\/45513\/revisions\/45515"}],"wp:featuredmedia":[{"embeddable":true,"href":"https:\/\/www.amt.genova.it\/amt\/wp-json\/wp\/v2\/media\/20350"}],"wp:attachment":[{"href":"https:\/\/www.amt.genova.it\/amt\/wp-json\/wp\/v2\/media?parent=45513"}],"wp:term":[{"taxonomy":"category","embeddable":true,"href":"https:\/\/www.amt.genova.it\/amt\/wp-json\/wp\/v2\/categories?post=45513"},{"taxonomy":"post_tag","embeddable":true,"href":"https:\/\/www.amt.genova.it\/amt\/wp-json\/wp\/v2\/tags?post=45513"}],"curies":[{"name":"wp","href":"https:\/\/api.w.org\/{rel}","templated":true}]}}