{"id":45433,"date":"2024-07-02T14:32:18","date_gmt":"2024-07-02T12:32:18","guid":{"rendered":"https:\/\/www.amt.genova.it\/amt\/?p=45433"},"modified":"2024-07-10T08:41:22","modified_gmt":"2024-07-10T06:41:22","slug":"ascensore-castelletto-ponente-sospensione-del-servizio-da-giovedi-4-a-giovedi-11-luglio","status":"publish","type":"post","link":"https:\/\/www.amt.genova.it\/amt\/ascensore-castelletto-ponente-sospensione-del-servizio-da-giovedi-4-a-giovedi-11-luglio\/","title":{"rendered":"Ascensore Castelletto Ponente sospensione del servizio da gioved\u00ec 4 a gioved\u00ec 11 luglio"},"content":{"rendered":"<p>Si informa che <strong>dalle ore 9.00 di gioved\u00ec 4 luglio fino a gioved\u00ec 11 luglio<\/strong>, <strong>l\u2019ascensore Castelletto Ponente<\/strong> sospender\u00e0 il servizio per consentire lo svolgimento di alcune attivit\u00e0 di manutenzione straordinaria legate alla revisione speciale.<\/p>\n<p>Ricordiamo che, per raggiungere il centro dalla zona di Castelletto e viceversa, si pu\u00f2 utilizzare l\u2019ascensore di Castelletto Levante.<\/p>\n ","protected":false},"excerpt":{"rendered":"Si informa che dalle ore 9.00 di gioved\u00ec 4 luglio fino a gioved\u00ec 11 luglio, l\u2019ascensore Castelletto Ponente sospender\u00e0 il servizio per consentire lo svolgimento di alcune attivit\u00e0 di manutenzione straordinaria legate alla revisione speciale. Ricordiamo che, per raggiungere il centro dalla zona di Castelletto e viceversa, si pu\u00f2 utilizzare l\u2019ascensore di Castelletto Levante.","protected":false},"author":2,"featured_media":43348,"comment_status":"closed","ping_status":"closed","sticky":false,"template":"","format":"standard","meta":{"footnotes":""},"categories":[4,64],"tags":[],"class_list":["post-45433","post","type-post","status-publish","format-standard","has-post-thumbnail","hentry","category-notizie","category-urbano","cat-4-id","cat-64-id"],"_links":{"self":[{"href":"https:\/\/www.amt.genova.it\/amt\/wp-json\/wp\/v2\/posts\/45433","targetHints":{"allow":["GET"]}}],"collection":[{"href":"https:\/\/www.amt.genova.it\/amt\/wp-json\/wp\/v2\/posts"}],"about":[{"href":"https:\/\/www.amt.genova.it\/amt\/wp-json\/wp\/v2\/types\/post"}],"author":[{"embeddable":true,"href":"https:\/\/www.amt.genova.it\/amt\/wp-json\/wp\/v2\/users\/2"}],"replies":[{"embeddable":true,"href":"https:\/\/www.amt.genova.it\/amt\/wp-json\/wp\/v2\/comments?post=45433"}],"version-history":[{"count":1,"href":"https:\/\/www.amt.genova.it\/amt\/wp-json\/wp\/v2\/posts\/45433\/revisions"}],"predecessor-version":[{"id":45434,"href":"https:\/\/www.amt.genova.it\/amt\/wp-json\/wp\/v2\/posts\/45433\/revisions\/45434"}],"wp:featuredmedia":[{"embeddable":true,"href":"https:\/\/www.amt.genova.it\/amt\/wp-json\/wp\/v2\/media\/43348"}],"wp:attachment":[{"href":"https:\/\/www.amt.genova.it\/amt\/wp-json\/wp\/v2\/media?parent=45433"}],"wp:term":[{"taxonomy":"category","embeddable":true,"href":"https:\/\/www.amt.genova.it\/amt\/wp-json\/wp\/v2\/categories?post=45433"},{"taxonomy":"post_tag","embeddable":true,"href":"https:\/\/www.amt.genova.it\/amt\/wp-json\/wp\/v2\/tags?post=45433"}],"curies":[{"name":"wp","href":"https:\/\/api.w.org\/{rel}","templated":true}]}}