{"id":45412,"date":"2024-06-30T18:37:33","date_gmt":"2024-06-30T16:37:33","guid":{"rendered":"https:\/\/www.amt.genova.it\/amt\/?p=45412"},"modified":"2024-07-03T14:55:08","modified_gmt":"2024-07-03T12:55:08","slug":"fiera-di-luglio-a-chiavari-variazioni-al-servizio-2","status":"publish","type":"post","link":"https:\/\/www.amt.genova.it\/amt\/fiera-di-luglio-a-chiavari-variazioni-al-servizio-2\/","title":{"rendered":"Fiera di luglio a Chiavari: variazioni al servizio"},"content":{"rendered":"<p>Marted\u00ec 2 luglio a Chiavari si svolger\u00e0 la consueta \u201cFiera di luglio\u201d pertanto, dalle <strong>ore 20.00 di luned\u00ec 1 e fino al termine del servizio di marted\u00ec 2 luglio<\/strong>, il servizio di linea subir\u00e0 le seguenti variazioni di percorso:<\/p>\n<ul>\n<li>i bus, provenienti da Carasco, giunti all\u2019altezza di piazza Sanfront svolteranno a sinistra per viale Kasman, viale Marconi, corso De Michiel, corso Assarotti dove riprenderanno il regolare percorso. Analogo percorso inverso;<\/li>\n<li>le linee provenienti da Leivi - piazzale Rocca, giunte alla rotonda tra viale dei Devoto e via Piacenza, svolteranno a sinistra in via Piacenza e proseguiranno fino in piazza Sanfront dove si immetteranno in viale Kasman e successivamente in viale Marconi. Analogo percorso inverso per le corse in direzione piazzale Rocca - Leivi;<\/li>\n<li>i bus provenienti da Lavagna Corso Buenos Aires, giunti al ponte dell\u2019Entella, percorreranno viale Marconi, corso De Michiel, corso Assarotti, dove riprenderanno il regolare percorso. Analogo percorso inverso;<\/li>\n<li>il capolinea delle <strong>linee 801, 802, 806, 810, 828 e 868 <\/strong>verr\u00e0 temporaneamente spostato all\u2019inizio di viale Marconi, mentre quello della <strong>linea 902<\/strong> verr\u00e0 spostato di fronte alla stazione FS.<\/li>\n<\/ul>\n<p>Lungo i percorsi alternativi verranno posizionate fermate provvisorie, qualora necessario.<\/p>\n ","protected":false},"excerpt":{"rendered":"Marted\u00ec 2 luglio a Chiavari si svolger\u00e0 la consueta \u201cFiera di luglio\u201d pertanto, dalle ore 20.00 di luned\u00ec 1 e fino al termine del servizio di marted\u00ec 2 luglio, il servizio di linea subir\u00e0 le seguenti variazioni di percorso: i bus, provenienti da Carasco, giunti all\u2019altezza di piazza Sanfront svolteranno a sinistra per viale Kasman, viale Marconi, corso De Michiel,&nbsp;<a href=\"https:\/\/www.amt.genova.it\/amt\/fiera-di-luglio-a-chiavari-variazioni-al-servizio-2\/\" class=\"read-more\">Continue Reading<\/a>","protected":false},"author":2,"featured_media":35274,"comment_status":"closed","ping_status":"closed","sticky":false,"template":"","format":"standard","meta":{"footnotes":""},"categories":[4,65],"tags":[],"class_list":["post-45412","post","type-post","status-publish","format-standard","has-post-thumbnail","hentry","category-notizie","category-provinciale","cat-4-id","cat-65-id"],"_links":{"self":[{"href":"https:\/\/www.amt.genova.it\/amt\/wp-json\/wp\/v2\/posts\/45412","targetHints":{"allow":["GET"]}}],"collection":[{"href":"https:\/\/www.amt.genova.it\/amt\/wp-json\/wp\/v2\/posts"}],"about":[{"href":"https:\/\/www.amt.genova.it\/amt\/wp-json\/wp\/v2\/types\/post"}],"author":[{"embeddable":true,"href":"https:\/\/www.amt.genova.it\/amt\/wp-json\/wp\/v2\/users\/2"}],"replies":[{"embeddable":true,"href":"https:\/\/www.amt.genova.it\/amt\/wp-json\/wp\/v2\/comments?post=45412"}],"version-history":[{"count":1,"href":"https:\/\/www.amt.genova.it\/amt\/wp-json\/wp\/v2\/posts\/45412\/revisions"}],"predecessor-version":[{"id":45414,"href":"https:\/\/www.amt.genova.it\/amt\/wp-json\/wp\/v2\/posts\/45412\/revisions\/45414"}],"wp:featuredmedia":[{"embeddable":true,"href":"https:\/\/www.amt.genova.it\/amt\/wp-json\/wp\/v2\/media\/35274"}],"wp:attachment":[{"href":"https:\/\/www.amt.genova.it\/amt\/wp-json\/wp\/v2\/media?parent=45412"}],"wp:term":[{"taxonomy":"category","embeddable":true,"href":"https:\/\/www.amt.genova.it\/amt\/wp-json\/wp\/v2\/categories?post=45412"},{"taxonomy":"post_tag","embeddable":true,"href":"https:\/\/www.amt.genova.it\/amt\/wp-json\/wp\/v2\/tags?post=45412"}],"curies":[{"name":"wp","href":"https:\/\/api.w.org\/{rel}","templated":true}]}}