{"id":45236,"date":"2024-06-14T11:20:33","date_gmt":"2024-06-14T09:20:33","guid":{"rendered":"https:\/\/www.amt.genova.it\/amt\/?p=45236"},"modified":"2024-06-15T19:30:18","modified_gmt":"2024-06-15T17:30:18","slug":"spostamento-temporaneo-capolinea-a-prato-per-le-linee-provinciali","status":"publish","type":"post","link":"https:\/\/www.amt.genova.it\/amt\/spostamento-temporaneo-capolinea-a-prato-per-le-linee-provinciali\/","title":{"rendered":"Spostamento temporaneo capolinea a Prato per le linee provinciali"},"content":{"rendered":"<p>Si informa che il capolinea della linea 726 e del servizio a chiamata in localit\u00e0 Prato, nel comune di Genova, \u00e8 stato spostato temporaneamente sulla sponda nuova. Il capolinea \u00e8 raggiungibile percorrendo il ponte Nicholas Green in localit\u00e0 Doria.<\/p>\n ","protected":false},"excerpt":{"rendered":"Si informa che il capolinea della linea 726 e del servizio a chiamata in localit\u00e0 Prato, nel comune di Genova, \u00e8 stato spostato temporaneamente sulla sponda nuova. Il capolinea \u00e8 raggiungibile percorrendo il ponte Nicholas Green in localit\u00e0 Doria.","protected":false},"author":2,"featured_media":40401,"comment_status":"closed","ping_status":"closed","sticky":false,"template":"","format":"standard","meta":{"footnotes":""},"categories":[4,65],"tags":[],"class_list":["post-45236","post","type-post","status-publish","format-standard","has-post-thumbnail","hentry","category-notizie","category-provinciale","cat-4-id","cat-65-id"],"_links":{"self":[{"href":"https:\/\/www.amt.genova.it\/amt\/wp-json\/wp\/v2\/posts\/45236","targetHints":{"allow":["GET"]}}],"collection":[{"href":"https:\/\/www.amt.genova.it\/amt\/wp-json\/wp\/v2\/posts"}],"about":[{"href":"https:\/\/www.amt.genova.it\/amt\/wp-json\/wp\/v2\/types\/post"}],"author":[{"embeddable":true,"href":"https:\/\/www.amt.genova.it\/amt\/wp-json\/wp\/v2\/users\/2"}],"replies":[{"embeddable":true,"href":"https:\/\/www.amt.genova.it\/amt\/wp-json\/wp\/v2\/comments?post=45236"}],"version-history":[{"count":3,"href":"https:\/\/www.amt.genova.it\/amt\/wp-json\/wp\/v2\/posts\/45236\/revisions"}],"predecessor-version":[{"id":45258,"href":"https:\/\/www.amt.genova.it\/amt\/wp-json\/wp\/v2\/posts\/45236\/revisions\/45258"}],"wp:featuredmedia":[{"embeddable":true,"href":"https:\/\/www.amt.genova.it\/amt\/wp-json\/wp\/v2\/media\/40401"}],"wp:attachment":[{"href":"https:\/\/www.amt.genova.it\/amt\/wp-json\/wp\/v2\/media?parent=45236"}],"wp:term":[{"taxonomy":"category","embeddable":true,"href":"https:\/\/www.amt.genova.it\/amt\/wp-json\/wp\/v2\/categories?post=45236"},{"taxonomy":"post_tag","embeddable":true,"href":"https:\/\/www.amt.genova.it\/amt\/wp-json\/wp\/v2\/tags?post=45236"}],"curies":[{"name":"wp","href":"https:\/\/api.w.org\/{rel}","templated":true}]}}