{"id":44414,"date":"2024-03-24T18:37:06","date_gmt":"2024-03-24T17:37:06","guid":{"rendered":"https:\/\/www.amt.genova.it\/amt\/?p=44414"},"modified":"2024-03-29T11:17:37","modified_gmt":"2024-03-29T10:17:37","slug":"metropolitana-il-programma-delle-attivita-di-manutenzione-serale-da-lunedi-25-a-giovedi-28-marzo","status":"publish","type":"post","link":"https:\/\/www.amt.genova.it\/amt\/metropolitana-il-programma-delle-attivita-di-manutenzione-serale-da-lunedi-25-a-giovedi-28-marzo\/","title":{"rendered":"Metropolitana: il programma delle attivit\u00e0 di manutenzione serale da luned\u00ec 25 a gioved\u00ec 28 marzo"},"content":{"rendered":"<p>Piano delle attivit\u00e0 di manutenzione serale della metropolitana: il programma dei lavori della settimana prevede interventi nelle gallerie e al sistema di rilevamento antincendio, oltre alla manutenzione ordinaria dell\u2019armamento ferroviario.<\/p>\n<p>Per consentire l\u2019effettuazione dei lavori \u00e8 prevista la chiusura anticipata della metro nelle sere <strong>di luned\u00ec 25, marted\u00ec 26, mercoled\u00ec 27 e gioved\u00ec 28 marzo<\/strong>. Le ultime partenze saranno alle <strong>ore 21.10 da Brin <\/strong>per Brignole e<strong> alle ore 21.17 da Brignole <\/strong>per Brin.<\/p>\n<p>Ricordiamo che la chiusura serale anticipata della metro consente di avere a disposizione le giuste tempistiche per l\u2019effettuazione dei lavori previsti e di svolgere in sicurezza, ovvero senza la circolazione dei treni, tutte le attivit\u00e0 programmate.<\/p>\n<p>Il collegamento serale con la Valpolcevera \u00e8 garantito dalla <strong>linea 9<\/strong> (Caricamento - Brin - Pontedecimo).<\/p>\n ","protected":false},"excerpt":{"rendered":"Piano delle attivit\u00e0 di manutenzione serale della metropolitana: il programma dei lavori della settimana prevede interventi nelle gallerie e al sistema di rilevamento antincendio, oltre alla manutenzione ordinaria dell\u2019armamento ferroviario. Per consentire l\u2019effettuazione dei lavori \u00e8 prevista la chiusura anticipata della metro nelle sere di luned\u00ec 25, marted\u00ec 26, mercoled\u00ec 27 e gioved\u00ec 28 marzo. Le ultime partenze saranno alle&nbsp;<a href=\"https:\/\/www.amt.genova.it\/amt\/metropolitana-il-programma-delle-attivita-di-manutenzione-serale-da-lunedi-25-a-giovedi-28-marzo\/\" class=\"read-more\">Continue Reading<\/a>","protected":false},"author":2,"featured_media":25026,"comment_status":"closed","ping_status":"closed","sticky":false,"template":"","format":"standard","meta":{"footnotes":""},"categories":[4,64],"tags":[],"class_list":["post-44414","post","type-post","status-publish","format-standard","has-post-thumbnail","hentry","category-notizie","category-urbano","cat-4-id","cat-64-id"],"_links":{"self":[{"href":"https:\/\/www.amt.genova.it\/amt\/wp-json\/wp\/v2\/posts\/44414","targetHints":{"allow":["GET"]}}],"collection":[{"href":"https:\/\/www.amt.genova.it\/amt\/wp-json\/wp\/v2\/posts"}],"about":[{"href":"https:\/\/www.amt.genova.it\/amt\/wp-json\/wp\/v2\/types\/post"}],"author":[{"embeddable":true,"href":"https:\/\/www.amt.genova.it\/amt\/wp-json\/wp\/v2\/users\/2"}],"replies":[{"embeddable":true,"href":"https:\/\/www.amt.genova.it\/amt\/wp-json\/wp\/v2\/comments?post=44414"}],"version-history":[{"count":1,"href":"https:\/\/www.amt.genova.it\/amt\/wp-json\/wp\/v2\/posts\/44414\/revisions"}],"predecessor-version":[{"id":44415,"href":"https:\/\/www.amt.genova.it\/amt\/wp-json\/wp\/v2\/posts\/44414\/revisions\/44415"}],"wp:featuredmedia":[{"embeddable":true,"href":"https:\/\/www.amt.genova.it\/amt\/wp-json\/wp\/v2\/media\/25026"}],"wp:attachment":[{"href":"https:\/\/www.amt.genova.it\/amt\/wp-json\/wp\/v2\/media?parent=44414"}],"wp:term":[{"taxonomy":"category","embeddable":true,"href":"https:\/\/www.amt.genova.it\/amt\/wp-json\/wp\/v2\/categories?post=44414"},{"taxonomy":"post_tag","embeddable":true,"href":"https:\/\/www.amt.genova.it\/amt\/wp-json\/wp\/v2\/tags?post=44414"}],"curies":[{"name":"wp","href":"https:\/\/api.w.org\/{rel}","templated":true}]}}