{"id":44412,"date":"2024-03-24T15:05:12","date_gmt":"2024-03-24T14:05:12","guid":{"rendered":"https:\/\/www.amt.genova.it\/amt\/?p=44412"},"modified":"2024-03-27T09:25:17","modified_gmt":"2024-03-27T08:25:17","slug":"chiusura-via-delle-balze-a-rapallo-variazioni-al-servizio-per-le-linee-888-e-889","status":"publish","type":"post","link":"https:\/\/www.amt.genova.it\/amt\/chiusura-via-delle-balze-a-rapallo-variazioni-al-servizio-per-le-linee-888-e-889\/","title":{"rendered":"Chiusura via delle Balze a Rapallo. Variazioni al servizio per le linee 888 e 889"},"content":{"rendered":"<p>Si informa che luned\u00ec 25 e marted\u00ec 26 marzo via delle Balze a Rapallo sar\u00e0 chiusa al traffico veicolare dalle 8.30 alle 12.00 e dalle 13.30 alle 17.30; pertanto, in tali fasce orarie le corse delle <strong>linee 888 e 889<\/strong> saranno limitate al bivio tra via Molinelli e via delle Balze, da dove ripartiranno come da orari programmati.<\/p>\n ","protected":false},"excerpt":{"rendered":"Si informa che luned\u00ec 25 e marted\u00ec 26 marzo via delle Balze a Rapallo sar\u00e0 chiusa al traffico veicolare dalle 8.30 alle 12.00 e dalle 13.30 alle 17.30; pertanto, in tali fasce orarie le corse delle linee 888 e 889 saranno limitate al bivio tra via Molinelli e via delle Balze, da dove ripartiranno come da orari programmati.","protected":false},"author":2,"featured_media":44411,"comment_status":"closed","ping_status":"closed","sticky":false,"template":"","format":"standard","meta":{"footnotes":""},"categories":[4,65],"tags":[],"class_list":["post-44412","post","type-post","status-publish","format-standard","has-post-thumbnail","hentry","category-notizie","category-provinciale","cat-4-id","cat-65-id"],"_links":{"self":[{"href":"https:\/\/www.amt.genova.it\/amt\/wp-json\/wp\/v2\/posts\/44412","targetHints":{"allow":["GET"]}}],"collection":[{"href":"https:\/\/www.amt.genova.it\/amt\/wp-json\/wp\/v2\/posts"}],"about":[{"href":"https:\/\/www.amt.genova.it\/amt\/wp-json\/wp\/v2\/types\/post"}],"author":[{"embeddable":true,"href":"https:\/\/www.amt.genova.it\/amt\/wp-json\/wp\/v2\/users\/2"}],"replies":[{"embeddable":true,"href":"https:\/\/www.amt.genova.it\/amt\/wp-json\/wp\/v2\/comments?post=44412"}],"version-history":[{"count":2,"href":"https:\/\/www.amt.genova.it\/amt\/wp-json\/wp\/v2\/posts\/44412\/revisions"}],"predecessor-version":[{"id":44416,"href":"https:\/\/www.amt.genova.it\/amt\/wp-json\/wp\/v2\/posts\/44412\/revisions\/44416"}],"wp:featuredmedia":[{"embeddable":true,"href":"https:\/\/www.amt.genova.it\/amt\/wp-json\/wp\/v2\/media\/44411"}],"wp:attachment":[{"href":"https:\/\/www.amt.genova.it\/amt\/wp-json\/wp\/v2\/media?parent=44412"}],"wp:term":[{"taxonomy":"category","embeddable":true,"href":"https:\/\/www.amt.genova.it\/amt\/wp-json\/wp\/v2\/categories?post=44412"},{"taxonomy":"post_tag","embeddable":true,"href":"https:\/\/www.amt.genova.it\/amt\/wp-json\/wp\/v2\/tags?post=44412"}],"curies":[{"name":"wp","href":"https:\/\/api.w.org\/{rel}","templated":true}]}}