{"id":44395,"date":"2024-03-21T10:46:35","date_gmt":"2024-03-21T09:46:35","guid":{"rendered":"https:\/\/www.amt.genova.it\/amt\/?p=44395"},"modified":"2024-03-25T08:25:25","modified_gmt":"2024-03-25T07:25:25","slug":"funicolare-zecca-righi-temporanea-sospensione-del-servizio-sabato-23-marzo","status":"publish","type":"post","link":"https:\/\/www.amt.genova.it\/amt\/funicolare-zecca-righi-temporanea-sospensione-del-servizio-sabato-23-marzo\/","title":{"rendered":"Funicolare Zecca-Righi temporanea sospensione del servizio sabato 23 marzo"},"content":{"rendered":"<p><strong>Sabato 23 marzo la funicolare Zecca Righi<\/strong> sospender\u00e0 temporaneamente il servizio dalle ore 8.30 alle ore 13.30 per consentire l'esecuzione di lavori di terzi su propriet\u00e0 confinanti con l\u2019impianto.<\/p>\n<p><strong>L\u2019ultima partenza sar\u00e0 alle ore 8.30 e il servizio riprender\u00e0 con la corsa delle ore 13.40.<\/strong><\/p>\n<p>Contestualmente alla chiusura sar\u00e0 attivo il servizio <strong>bus sostitutivo F2<\/strong>.<\/p>\n ","protected":false},"excerpt":{"rendered":"Sabato 23 marzo la funicolare Zecca Righi sospender\u00e0 temporaneamente il servizio dalle ore 8.30 alle ore 13.30 per consentire l'esecuzione di lavori di terzi su propriet\u00e0 confinanti con l\u2019impianto. L\u2019ultima partenza sar\u00e0 alle ore 8.30 e il servizio riprender\u00e0 con la corsa delle ore 13.40. Contestualmente alla chiusura sar\u00e0 attivo il servizio bus sostitutivo F2.","protected":false},"author":2,"featured_media":39621,"comment_status":"closed","ping_status":"closed","sticky":false,"template":"","format":"standard","meta":{"footnotes":""},"categories":[4,64],"tags":[],"class_list":["post-44395","post","type-post","status-publish","format-standard","has-post-thumbnail","hentry","category-notizie","category-urbano","cat-4-id","cat-64-id"],"_links":{"self":[{"href":"https:\/\/www.amt.genova.it\/amt\/wp-json\/wp\/v2\/posts\/44395","targetHints":{"allow":["GET"]}}],"collection":[{"href":"https:\/\/www.amt.genova.it\/amt\/wp-json\/wp\/v2\/posts"}],"about":[{"href":"https:\/\/www.amt.genova.it\/amt\/wp-json\/wp\/v2\/types\/post"}],"author":[{"embeddable":true,"href":"https:\/\/www.amt.genova.it\/amt\/wp-json\/wp\/v2\/users\/2"}],"replies":[{"embeddable":true,"href":"https:\/\/www.amt.genova.it\/amt\/wp-json\/wp\/v2\/comments?post=44395"}],"version-history":[{"count":3,"href":"https:\/\/www.amt.genova.it\/amt\/wp-json\/wp\/v2\/posts\/44395\/revisions"}],"predecessor-version":[{"id":44406,"href":"https:\/\/www.amt.genova.it\/amt\/wp-json\/wp\/v2\/posts\/44395\/revisions\/44406"}],"wp:featuredmedia":[{"embeddable":true,"href":"https:\/\/www.amt.genova.it\/amt\/wp-json\/wp\/v2\/media\/39621"}],"wp:attachment":[{"href":"https:\/\/www.amt.genova.it\/amt\/wp-json\/wp\/v2\/media?parent=44395"}],"wp:term":[{"taxonomy":"category","embeddable":true,"href":"https:\/\/www.amt.genova.it\/amt\/wp-json\/wp\/v2\/categories?post=44395"},{"taxonomy":"post_tag","embeddable":true,"href":"https:\/\/www.amt.genova.it\/amt\/wp-json\/wp\/v2\/tags?post=44395"}],"curies":[{"name":"wp","href":"https:\/\/api.w.org\/{rel}","templated":true}]}}