{"id":44349,"date":"2024-03-17T18:11:49","date_gmt":"2024-03-17T17:11:49","guid":{"rendered":"https:\/\/www.amt.genova.it\/amt\/?p=44349"},"modified":"2024-03-22T08:04:47","modified_gmt":"2024-03-22T07:04:47","slug":"metropolitana-il-programma-delle-attivita-di-manutenzione-serale-da-lunedi-18-a-giovedi-21-marzo","status":"publish","type":"post","link":"https:\/\/www.amt.genova.it\/amt\/metropolitana-il-programma-delle-attivita-di-manutenzione-serale-da-lunedi-18-a-giovedi-21-marzo\/","title":{"rendered":"Metropolitana: il programma delle attivit\u00e0 di manutenzione serale da luned\u00ec 18 a gioved\u00ec 21 marzo"},"content":{"rendered":"<p>Il piano delle attivit\u00e0 di manutenzione serale della metropolitana, per la prossima settimana prevede interventi nelle gallerie e al sistema di rilevamento antincendio, oltre alla manutenzione ordinaria dell\u2019armamento ferroviario.<\/p>\n<p>Per consentire l\u2019effettuazione dei lavori \u00e8 prevista la chiusura anticipata della metro nelle sere <strong>di luned\u00ec 18, marted\u00ec 19, mercoled\u00ec 20 e gioved\u00ec 21 marzo<\/strong>. Le ultime partenze saranno alle <strong>ore 21.10 da Brin <\/strong>per Brignole e<strong> alle ore 21.17 da Brignole <\/strong>per Brin.<\/p>\n<p>Ricordiamo che la chiusura serale anticipata della metro consente di avere a disposizione le giuste tempistiche per l\u2019effettuazione dei lavori previsti e di svolgere in sicurezza, ovvero senza la circolazione dei treni, tutte le attivit\u00e0 programmate.<\/p>\n<p>Il collegamento serale con la Valpolcevera \u00e8 garantito dalla <strong>linea 9<\/strong> (Caricamento - Brin - Pontedecimo).<\/p>\n ","protected":false},"excerpt":{"rendered":"Il piano delle attivit\u00e0 di manutenzione serale della metropolitana, per la prossima settimana prevede interventi nelle gallerie e al sistema di rilevamento antincendio, oltre alla manutenzione ordinaria dell\u2019armamento ferroviario. Per consentire l\u2019effettuazione dei lavori \u00e8 prevista la chiusura anticipata della metro nelle sere di luned\u00ec 18, marted\u00ec 19, mercoled\u00ec 20 e gioved\u00ec 21 marzo. Le ultime partenze saranno alle ore&nbsp;<a href=\"https:\/\/www.amt.genova.it\/amt\/metropolitana-il-programma-delle-attivita-di-manutenzione-serale-da-lunedi-18-a-giovedi-21-marzo\/\" class=\"read-more\">Continue Reading<\/a>","protected":false},"author":2,"featured_media":25026,"comment_status":"closed","ping_status":"closed","sticky":false,"template":"","format":"standard","meta":{"footnotes":""},"categories":[4],"tags":[],"class_list":["post-44349","post","type-post","status-publish","format-standard","has-post-thumbnail","hentry","category-notizie","cat-4-id"],"_links":{"self":[{"href":"https:\/\/www.amt.genova.it\/amt\/wp-json\/wp\/v2\/posts\/44349","targetHints":{"allow":["GET"]}}],"collection":[{"href":"https:\/\/www.amt.genova.it\/amt\/wp-json\/wp\/v2\/posts"}],"about":[{"href":"https:\/\/www.amt.genova.it\/amt\/wp-json\/wp\/v2\/types\/post"}],"author":[{"embeddable":true,"href":"https:\/\/www.amt.genova.it\/amt\/wp-json\/wp\/v2\/users\/2"}],"replies":[{"embeddable":true,"href":"https:\/\/www.amt.genova.it\/amt\/wp-json\/wp\/v2\/comments?post=44349"}],"version-history":[{"count":1,"href":"https:\/\/www.amt.genova.it\/amt\/wp-json\/wp\/v2\/posts\/44349\/revisions"}],"predecessor-version":[{"id":44350,"href":"https:\/\/www.amt.genova.it\/amt\/wp-json\/wp\/v2\/posts\/44349\/revisions\/44350"}],"wp:featuredmedia":[{"embeddable":true,"href":"https:\/\/www.amt.genova.it\/amt\/wp-json\/wp\/v2\/media\/25026"}],"wp:attachment":[{"href":"https:\/\/www.amt.genova.it\/amt\/wp-json\/wp\/v2\/media?parent=44349"}],"wp:term":[{"taxonomy":"category","embeddable":true,"href":"https:\/\/www.amt.genova.it\/amt\/wp-json\/wp\/v2\/categories?post=44349"},{"taxonomy":"post_tag","embeddable":true,"href":"https:\/\/www.amt.genova.it\/amt\/wp-json\/wp\/v2\/tags?post=44349"}],"curies":[{"name":"wp","href":"https:\/\/api.w.org\/{rel}","templated":true}]}}