{"id":44331,"date":"2024-03-15T18:35:00","date_gmt":"2024-03-15T17:35:00","guid":{"rendered":"https:\/\/www.amt.genova.it\/amt\/?p=44331"},"modified":"2024-05-07T14:39:33","modified_gmt":"2024-05-07T12:39:33","slug":"il-passato-e-il-futuro-del-trasporto-pubblico-in-piazza-de-ferrari-sabato-16-marzo-dalle-ore-10-00","status":"publish","type":"post","link":"https:\/\/www.amt.genova.it\/amt\/il-passato-e-il-futuro-del-trasporto-pubblico-in-piazza-de-ferrari-sabato-16-marzo-dalle-ore-10-00\/","title":{"rendered":"Il passato e il futuro del trasporto pubblico in piazza De Ferrari, sabato 16 marzo dalle ore 10.00"},"content":{"rendered":"<p><strong>Sabato 16 marzo in piazza De Ferrari<\/strong> si incontreranno il passato e il futuro del trasporto pubblico italiano. L\u2019iniziativa, <strong>targata StoricBus Museo dell\u2019Autobus Italiano, in collaborazione con il Comune di Genova e con Amt<\/strong>, vedr\u00e0 per la prima volta parte dell\u2019esposizione del museo storico di La Spezia in piazza a Genova.<\/p>\n<p>Sar\u00e0 un momento di festa per grandi e piccini, appassionati di bus ma non solo, che potranno ammirare i mezzi che hanno fatto la storia del trasporto pubblico.<\/p>\n<p>In piazza De Ferrari, dalle 10 di domani mattina, sabato 16 marzo, saranno presenti quattro autobus d\u2019epoca:<\/p>\n<ul>\n<li>un bus OM TIGROTTO PORTESI, veicolo di dimensioni corte, tipologia urbana, immatricolato per la prima volta nel 1965 proveniente da AVM di Valenza;<\/li>\n<li>un bus MONOCAR MENARINI 1201\/3 su base meccanica Fiat 314\/3,\u00a0veicolo di dimensioni corte, tipologia urbana, immatricolato per la prima volta nel 1976 proveniente da ASP di Asti;<\/li>\n<li>un FIAT 370.12.25 CAMERI,\u00a0veicolo di grandi dimensioni (12 metri), tipologia interurbana, immatricolato per la prima volta nel 1982, inizialmente in servizio per DOLOMITIBUS e successivamente presso il Comune di Ponte nelle Alpi;<\/li>\n<li>un BREDABUS 2001 LL ex\u00a0AMT GENOVA n.soc 4353,\u00a0veicolo di grandi dimensioni (10,5 metri), tipologia urbana, immatricolato per la prima volta nel 1991 ed operativo per oltre 28 anni presso AMT.<\/li>\n<\/ul>\n<p>A preservare questa parte della nostra storia \u00e8 StoricBus, Museo dell'Autobus Italiano, associazione senza scopo di lucro, nata da un sodalizio di giovani appassionati di trasporto pubblico nel 2010 a\u00a0La Spezia. Gli obiettivi dell\u2019associazione sono il recupero per fini museali e il restauro dei veicoli su gomma che hanno fatto la storia del trasporto pubblico italiano, partendo dal dopoguerra fino alla fine degli\u00a0anni novanta.<\/p>\n<p>A De Ferrari domani per\u00f2 non ci sar\u00e0 solo la storia, ma anche il presente e il futuro del trasporto pubblico genovese grazie all\u2019esposizione di uno dei bus full electric Irizar della flotta green di Amt.<\/p>\n<p>\u201c\u00c8 uno dei 142 bus full electric che gi\u00e0 fanno servizio a Genova e in alcuni comuni della Citt\u00e0 Metropolitana - dichiara <strong>Ilaria Gavuglio<\/strong>, presidente di Amt - La mobilit\u00e0 sostenibile \u00e8 uno degli obiettivi strategici che perseguiamo con Comune di Genova, Citt\u00e0 Metropolitana e Regione Liguria. \u00c8 un progetto ambizioso che porter\u00e0 a un ridisegno del trasporto pubblico totalmente green. Amt ha gi\u00e0 un DNA marcatamente elettrico, delle sette modalit\u00e0 che gestiamo, cinque sono gi\u00e0 elettriche: metro, ascensori, cremagliera, funicolari e ferrovia. Ma il nostro impegno traguarda il servizio green al 100%. Abbiamo voluto imparare dalla nostra storia e dai nostri precursori che si immaginarono, tra fine Ottocento e i primi del Novecento, una citt\u00e0 all\u2019avanguardia, con sistemi di risalita innovativi che disegnarono la citt\u00e0 verticale. Vogliamo ispirarci alla nostra storia per lavorare al nostro futuro, fatto di una mobilit\u00e0 sempre meno impattante sull\u2019ambiente, sempre pi\u00f9 rispondente ai bisogni dei cittadini e sempre pi\u00f9 sostenibile\u201d.<\/p>\n<p>I bus saranno in piazza fino alle 12.30 poi, in un festoso corteo, sfileranno per via XX Settembre, piazza della Vittoria, Brignole, via XX Settembre, piazza De Ferrari, via Roma, piazza Fontane Marose, via XXV Aprile per concludere il tour di nuovo in piazza De Ferrari.<\/p>\n<p>Ad accompagnare il viaggio degli autobus d\u2019epoca anche gli assessori alle Tradizioni, Paola Bordilli, e alla Mobilit\u00e0, Matteo Campora, insieme al presidente di StoricBus, Christian D\u2019Olif.<\/p>\n<p>\u201cUna bellissima iniziativa che trasforma piazza De Ferrari in un museo a cielo aperto dove si intrecciano passato, presente e futuro della mobilit\u00e0 - dichiarano gli assessori del Comune di Genova alla Mobilit\u00e0 integrata, Trasporti e Ambiente <strong>Matteo Campora<\/strong> e alle Tradizioni <strong>Paola Bordilli<\/strong> - Genova \u00e8 una citt\u00e0 che fin dalla seconda met\u00e0 dell\u2019800 ha abbracciato un sistema di trasporto pubblico all\u2019avanguardia dal punto di vista tecnologico e della sostenibilit\u00e0 ambientale. Valori che gli impianti verticali in servizio a Genova da pi\u00f9 di 100 anni condividono con i nuovi autobus elettrici che hanno gi\u00e0 cominciato a circolare nelle nostre strade e che, prossimamente, sostituiranno tutti i vecchi mezzi inquinanti, consegnandoci una citt\u00e0 pi\u00f9 moderna e vivibile, con una migliore qualit\u00e0 di vita per i residenti e un maggior benessere per l\u2019ambiente. Una ricetta win-win dove l\u2019innovazione fa rima, a tutti gli effetti, con la tradizione\u201d.<\/p>\n<p>\u201cL'idea alla base della nascita di StoricBus \u00e8 quella di creare un \"museo dinamico\", composto non solo da una collezione di vari esemplari di autobus di diverse tipologie ma anche dai mezzi privati messi a disposizione dai soci possessori aderenti - spiega <strong>Christian D\u2019Olif<\/strong>, presidente del Museo - Uno dei punti principali del progetto \u00e8 stato quello di creare una realt\u00e0 associativa sia per gli appassionati del settore che per i cittadini, istituendo con il passare del tempo alcune sedi operative nel territorio nazionale e organizzando una serie di iniziative mirate alla diffusione della cultura del\u00a0trasporto pubblico locale\u00a0e alla conservazione del patrimonio di archeologia industriale relativo al trasporto di persone in Italia. Tutti i veicoli sono stati opportunamente restaurati e riportati agli originali splendori prima di essere re-immatricolati\u00a0come veicoli di interesse storico e collezionistico ed iscritti ad apposito registro\u201d.<\/p>\n<p>&nbsp;<\/p>\n ","protected":false},"excerpt":{"rendered":"Sabato 16 marzo in piazza De Ferrari si incontreranno il passato e il futuro del trasporto pubblico italiano. L\u2019iniziativa, targata StoricBus Museo dell\u2019Autobus Italiano, in collaborazione con il Comune di Genova e con Amt, vedr\u00e0 per la prima volta parte dell\u2019esposizione del museo storico di La Spezia in piazza a Genova. Sar\u00e0 un momento di festa per grandi e piccini,&nbsp;<a href=\"https:\/\/www.amt.genova.it\/amt\/il-passato-e-il-futuro-del-trasporto-pubblico-in-piazza-de-ferrari-sabato-16-marzo-dalle-ore-10-00\/\" class=\"read-more\">Continue Reading<\/a>","protected":false},"author":2,"featured_media":44332,"comment_status":"closed","ping_status":"closed","sticky":false,"template":"","format":"standard","meta":{"footnotes":""},"categories":[4],"tags":[],"class_list":["post-44331","post","type-post","status-publish","format-standard","has-post-thumbnail","hentry","category-notizie","cat-4-id"],"_links":{"self":[{"href":"https:\/\/www.amt.genova.it\/amt\/wp-json\/wp\/v2\/posts\/44331","targetHints":{"allow":["GET"]}}],"collection":[{"href":"https:\/\/www.amt.genova.it\/amt\/wp-json\/wp\/v2\/posts"}],"about":[{"href":"https:\/\/www.amt.genova.it\/amt\/wp-json\/wp\/v2\/types\/post"}],"author":[{"embeddable":true,"href":"https:\/\/www.amt.genova.it\/amt\/wp-json\/wp\/v2\/users\/2"}],"replies":[{"embeddable":true,"href":"https:\/\/www.amt.genova.it\/amt\/wp-json\/wp\/v2\/comments?post=44331"}],"version-history":[{"count":2,"href":"https:\/\/www.amt.genova.it\/amt\/wp-json\/wp\/v2\/posts\/44331\/revisions"}],"predecessor-version":[{"id":44334,"href":"https:\/\/www.amt.genova.it\/amt\/wp-json\/wp\/v2\/posts\/44331\/revisions\/44334"}],"wp:featuredmedia":[{"embeddable":true,"href":"https:\/\/www.amt.genova.it\/amt\/wp-json\/wp\/v2\/media\/44332"}],"wp:attachment":[{"href":"https:\/\/www.amt.genova.it\/amt\/wp-json\/wp\/v2\/media?parent=44331"}],"wp:term":[{"taxonomy":"category","embeddable":true,"href":"https:\/\/www.amt.genova.it\/amt\/wp-json\/wp\/v2\/categories?post=44331"},{"taxonomy":"post_tag","embeddable":true,"href":"https:\/\/www.amt.genova.it\/amt\/wp-json\/wp\/v2\/tags?post=44331"}],"curies":[{"name":"wp","href":"https:\/\/api.w.org\/{rel}","templated":true}]}}