{"id":40643,"date":"2023-09-08T09:52:12","date_gmt":"2023-09-08T07:52:12","guid":{"rendered":"https:\/\/www.amt.genova.it\/amt\/?p=40643"},"modified":"2023-09-14T08:32:51","modified_gmt":"2023-09-14T06:32:51","slug":"ascensore-dino-col-martedi-12-e-mercoledi-13-settembre-sospensione-del-servizio","status":"publish","type":"post","link":"https:\/\/www.amt.genova.it\/amt\/ascensore-dino-col-martedi-12-e-mercoledi-13-settembre-sospensione-del-servizio\/","title":{"rendered":"Ascensore Dino Col marted\u00ec 12 e mercoled\u00ec 13 settembre sospensione del servizio"},"content":{"rendered":"<p>Per consentire lo svolgimento di attivit\u00e0 di manutenzione programmata, <strong>l\u2019ascensore Dino Col<\/strong> non effettua servizio nelle giornate di <strong>marted\u00ec 12 e mercoled\u00ec 13 settembre<\/strong>.<\/p>\n ","protected":false},"excerpt":{"rendered":"Per consentire lo svolgimento di attivit\u00e0 di manutenzione programmata, l\u2019ascensore Dino Col non effettua servizio nelle giornate di marted\u00ec 12 e mercoled\u00ec 13 settembre.","protected":false},"author":2,"featured_media":34125,"comment_status":"closed","ping_status":"closed","sticky":false,"template":"","format":"standard","meta":{"footnotes":""},"categories":[4,64],"tags":[],"class_list":["post-40643","post","type-post","status-publish","format-standard","has-post-thumbnail","hentry","category-notizie","category-urbano","cat-4-id","cat-64-id"],"_links":{"self":[{"href":"https:\/\/www.amt.genova.it\/amt\/wp-json\/wp\/v2\/posts\/40643","targetHints":{"allow":["GET"]}}],"collection":[{"href":"https:\/\/www.amt.genova.it\/amt\/wp-json\/wp\/v2\/posts"}],"about":[{"href":"https:\/\/www.amt.genova.it\/amt\/wp-json\/wp\/v2\/types\/post"}],"author":[{"embeddable":true,"href":"https:\/\/www.amt.genova.it\/amt\/wp-json\/wp\/v2\/users\/2"}],"replies":[{"embeddable":true,"href":"https:\/\/www.amt.genova.it\/amt\/wp-json\/wp\/v2\/comments?post=40643"}],"version-history":[{"count":1,"href":"https:\/\/www.amt.genova.it\/amt\/wp-json\/wp\/v2\/posts\/40643\/revisions"}],"predecessor-version":[{"id":40645,"href":"https:\/\/www.amt.genova.it\/amt\/wp-json\/wp\/v2\/posts\/40643\/revisions\/40645"}],"wp:featuredmedia":[{"embeddable":true,"href":"https:\/\/www.amt.genova.it\/amt\/wp-json\/wp\/v2\/media\/34125"}],"wp:attachment":[{"href":"https:\/\/www.amt.genova.it\/amt\/wp-json\/wp\/v2\/media?parent=40643"}],"wp:term":[{"taxonomy":"category","embeddable":true,"href":"https:\/\/www.amt.genova.it\/amt\/wp-json\/wp\/v2\/categories?post=40643"},{"taxonomy":"post_tag","embeddable":true,"href":"https:\/\/www.amt.genova.it\/amt\/wp-json\/wp\/v2\/tags?post=40643"}],"curies":[{"name":"wp","href":"https:\/\/api.w.org\/{rel}","templated":true}]}}