{"id":38652,"date":"2023-05-03T07:26:44","date_gmt":"2023-05-03T05:26:44","guid":{"rendered":"https:\/\/www.amt.genova.it\/amt\/?p=38652"},"modified":"2023-05-05T09:01:37","modified_gmt":"2023-05-05T07:01:37","slug":"metropolitana-il-programma-delle-attivita-di-manutenzione-serale-di-mercoledi-3-e-giovedi-4-maggio","status":"publish","type":"post","link":"https:\/\/www.amt.genova.it\/amt\/metropolitana-il-programma-delle-attivita-di-manutenzione-serale-di-mercoledi-3-e-giovedi-4-maggio\/","title":{"rendered":"Metropolitana: il programma delle attivit\u00e0 di manutenzione serale di mercoled\u00ec 3 e gioved\u00ec 4 maggio"},"content":{"rendered":"<p>Prosegue il piano delle attivit\u00e0 di ammodernamento e manutenzione serale della metropolitana. Il programma della settimana prevede la manutenzione dell\u2019armamento ferroviario e attivit\u00e0 di attrezzaggio impianti alla stazione di Brin per i lavori del prolungamento a Canepari.<\/p>\n<p>Per consentire l\u2019effettuazione dei lavori \u00e8 prevista la chiusura anticipata della metro <strong>nelle serate di mercoled\u00ec 3 e gioved\u00ec 4 maggio<\/strong>. Le ultime partenze saranno <strong>alle ore 21.10 da Brin<\/strong> per Brignole e <strong>alle ore 21.17 da Brignole <\/strong>per Brin. Il collegamento serale con la Valpolcevera \u00e8 garantito dalla linea 9 (Caricamento - Brin - Pontedecimo).<\/p>\n<p>Ricordiamo che la chiusura serale anticipata della metro consente di avere a disposizione le giuste tempistiche per l\u2019effettuazione dei lavori previsti e di svolgere in sicurezza, ovvero senza la circolazione dei treni, tutte le attivit\u00e0 programmate.<\/p>\n ","protected":false},"excerpt":{"rendered":"Prosegue il piano delle attivit\u00e0 di ammodernamento e manutenzione serale della metropolitana. Il programma della settimana prevede la manutenzione dell\u2019armamento ferroviario e attivit\u00e0 di attrezzaggio impianti alla stazione di Brin per i lavori del prolungamento a Canepari. Per consentire l\u2019effettuazione dei lavori \u00e8 prevista la chiusura anticipata della metro nelle serate di mercoled\u00ec 3 e gioved\u00ec 4 maggio. Le ultime&nbsp;<a href=\"https:\/\/www.amt.genova.it\/amt\/metropolitana-il-programma-delle-attivita-di-manutenzione-serale-di-mercoledi-3-e-giovedi-4-maggio\/\" class=\"read-more\">Continue Reading<\/a>","protected":false},"author":2,"featured_media":25026,"comment_status":"closed","ping_status":"closed","sticky":false,"template":"","format":"standard","meta":{"footnotes":""},"categories":[4],"tags":[],"class_list":["post-38652","post","type-post","status-publish","format-standard","has-post-thumbnail","hentry","category-notizie","cat-4-id"],"_links":{"self":[{"href":"https:\/\/www.amt.genova.it\/amt\/wp-json\/wp\/v2\/posts\/38652","targetHints":{"allow":["GET"]}}],"collection":[{"href":"https:\/\/www.amt.genova.it\/amt\/wp-json\/wp\/v2\/posts"}],"about":[{"href":"https:\/\/www.amt.genova.it\/amt\/wp-json\/wp\/v2\/types\/post"}],"author":[{"embeddable":true,"href":"https:\/\/www.amt.genova.it\/amt\/wp-json\/wp\/v2\/users\/2"}],"replies":[{"embeddable":true,"href":"https:\/\/www.amt.genova.it\/amt\/wp-json\/wp\/v2\/comments?post=38652"}],"version-history":[{"count":1,"href":"https:\/\/www.amt.genova.it\/amt\/wp-json\/wp\/v2\/posts\/38652\/revisions"}],"predecessor-version":[{"id":38653,"href":"https:\/\/www.amt.genova.it\/amt\/wp-json\/wp\/v2\/posts\/38652\/revisions\/38653"}],"wp:featuredmedia":[{"embeddable":true,"href":"https:\/\/www.amt.genova.it\/amt\/wp-json\/wp\/v2\/media\/25026"}],"wp:attachment":[{"href":"https:\/\/www.amt.genova.it\/amt\/wp-json\/wp\/v2\/media?parent=38652"}],"wp:term":[{"taxonomy":"category","embeddable":true,"href":"https:\/\/www.amt.genova.it\/amt\/wp-json\/wp\/v2\/categories?post=38652"},{"taxonomy":"post_tag","embeddable":true,"href":"https:\/\/www.amt.genova.it\/amt\/wp-json\/wp\/v2\/tags?post=38652"}],"curies":[{"name":"wp","href":"https:\/\/api.w.org\/{rel}","templated":true}]}}