{"id":34440,"date":"2022-07-25T11:58:11","date_gmt":"2022-07-25T09:58:11","guid":{"rendered":"https:\/\/www.amt.genova.it\/amt\/?p=34440"},"modified":"2022-08-17T09:59:26","modified_gmt":"2022-08-17T07:59:26","slug":"riapertura-ss-35-dei-giovi-da-domani-la-linea-830-torna-regolare","status":"publish","type":"post","link":"https:\/\/www.amt.genova.it\/amt\/riapertura-ss-35-dei-giovi-da-domani-la-linea-830-torna-regolare\/","title":{"rendered":"Riapertura SS 35 dei Giovi. Dal 26 luglio la linea 830 torna regolare"},"content":{"rendered":"<p>Si informa che, a seguito della riapertura della <strong>SS 35 dei Giovi<\/strong> in entrambi i sensi di marcia prevista per le ore 18 di luned\u00ec 25 luglio, il servizio della <strong>linea 830<\/strong> Busalla - Borgofornari - Ronco Scrivia - Isola del Cantone torner\u00e0 regolare da marted\u00ec 26 luglio.<\/p>\n<p><a href=\"https:\/\/www.amt.genova.it\/amt\/trasporto-multimodale\/linee-bus-provinciali\/gruppo-f\/\">Qui<\/a> \u00e8 possibile consultare gli orari in vigore dal 26 luglio.<\/p>\n<p>&nbsp;<\/p>\n ","protected":false},"excerpt":{"rendered":"Si informa che, a seguito della riapertura della SS 35 dei Giovi in entrambi i sensi di marcia prevista per le ore 18 di luned\u00ec 25 luglio, il servizio della linea 830 Busalla - Borgofornari - Ronco Scrivia - Isola del Cantone torner\u00e0 regolare da marted\u00ec 26 luglio. Qui \u00e8 possibile consultare gli orari in vigore dal 26 luglio. &nbsp;","protected":false},"author":2,"featured_media":34139,"comment_status":"closed","ping_status":"open","sticky":false,"template":"","format":"standard","meta":{"footnotes":""},"categories":[4,65],"tags":[],"class_list":["post-34440","post","type-post","status-publish","format-standard","has-post-thumbnail","hentry","category-notizie","category-provinciale","cat-4-id","cat-65-id"],"_links":{"self":[{"href":"https:\/\/www.amt.genova.it\/amt\/wp-json\/wp\/v2\/posts\/34440","targetHints":{"allow":["GET"]}}],"collection":[{"href":"https:\/\/www.amt.genova.it\/amt\/wp-json\/wp\/v2\/posts"}],"about":[{"href":"https:\/\/www.amt.genova.it\/amt\/wp-json\/wp\/v2\/types\/post"}],"author":[{"embeddable":true,"href":"https:\/\/www.amt.genova.it\/amt\/wp-json\/wp\/v2\/users\/2"}],"replies":[{"embeddable":true,"href":"https:\/\/www.amt.genova.it\/amt\/wp-json\/wp\/v2\/comments?post=34440"}],"version-history":[{"count":2,"href":"https:\/\/www.amt.genova.it\/amt\/wp-json\/wp\/v2\/posts\/34440\/revisions"}],"predecessor-version":[{"id":34455,"href":"https:\/\/www.amt.genova.it\/amt\/wp-json\/wp\/v2\/posts\/34440\/revisions\/34455"}],"wp:featuredmedia":[{"embeddable":true,"href":"https:\/\/www.amt.genova.it\/amt\/wp-json\/wp\/v2\/media\/34139"}],"wp:attachment":[{"href":"https:\/\/www.amt.genova.it\/amt\/wp-json\/wp\/v2\/media?parent=34440"}],"wp:term":[{"taxonomy":"category","embeddable":true,"href":"https:\/\/www.amt.genova.it\/amt\/wp-json\/wp\/v2\/categories?post=34440"},{"taxonomy":"post_tag","embeddable":true,"href":"https:\/\/www.amt.genova.it\/amt\/wp-json\/wp\/v2\/tags?post=34440"}],"curies":[{"name":"wp","href":"https:\/\/api.w.org\/{rel}","templated":true}]}}