{"id":34400,"date":"2022-07-21T10:29:32","date_gmt":"2022-07-21T08:29:32","guid":{"rendered":"https:\/\/www.amt.genova.it\/amt\/?p=34400"},"modified":"2022-07-21T10:29:32","modified_gmt":"2022-07-21T08:29:32","slug":"da-lunedi-25-luglio-istituzione-di-nuova-corsa-sulla-linea-727-genova-bromia","status":"publish","type":"post","link":"https:\/\/www.amt.genova.it\/amt\/da-lunedi-25-luglio-istituzione-di-nuova-corsa-sulla-linea-727-genova-bromia\/","title":{"rendered":"Da luned\u00ec 25 luglio istituzione di nuova corsa sulla linea 727 Genova &#8211; Bromia"},"content":{"rendered":"<p>Si informa che da luned\u00ec 25 luglio sulla<strong> linea 727 <\/strong>Genova - Sampierdarena - A7 - Busalla \u2013 Bromia verr\u00e0 istituita una nuova corsa in partenza da Genova Brignole alle ore 13.15, attiva nei giorni feriali da luned\u00ec a venerd\u00ec.<\/p>\n<p>Gli orari sono consultabili <a href=\"https:\/\/www.amt.genova.it\/amt\/wp-admin\/post.php?post=25484&amp;action=edit\">qui<\/a><\/p>\n ","protected":false},"excerpt":{"rendered":"Si informa che da luned\u00ec 25 luglio sulla linea 727 Genova - Sampierdarena - A7 - Busalla \u2013 Bromia verr\u00e0 istituita una nuova corsa in partenza da Genova Brignole alle ore 13.15, attiva nei giorni feriali da luned\u00ec a venerd\u00ec. Gli orari sono consultabili qui","protected":false},"author":2,"featured_media":34137,"comment_status":"closed","ping_status":"open","sticky":false,"template":"","format":"standard","meta":{"footnotes":""},"categories":[56,4,65],"tags":[],"class_list":["post-34400","post","type-post","status-publish","format-standard","has-post-thumbnail","hentry","category-homepage","category-notizie","category-provinciale","cat-56-id","cat-4-id","cat-65-id"],"_links":{"self":[{"href":"https:\/\/www.amt.genova.it\/amt\/wp-json\/wp\/v2\/posts\/34400","targetHints":{"allow":["GET"]}}],"collection":[{"href":"https:\/\/www.amt.genova.it\/amt\/wp-json\/wp\/v2\/posts"}],"about":[{"href":"https:\/\/www.amt.genova.it\/amt\/wp-json\/wp\/v2\/types\/post"}],"author":[{"embeddable":true,"href":"https:\/\/www.amt.genova.it\/amt\/wp-json\/wp\/v2\/users\/2"}],"replies":[{"embeddable":true,"href":"https:\/\/www.amt.genova.it\/amt\/wp-json\/wp\/v2\/comments?post=34400"}],"version-history":[{"count":1,"href":"https:\/\/www.amt.genova.it\/amt\/wp-json\/wp\/v2\/posts\/34400\/revisions"}],"predecessor-version":[{"id":34401,"href":"https:\/\/www.amt.genova.it\/amt\/wp-json\/wp\/v2\/posts\/34400\/revisions\/34401"}],"wp:featuredmedia":[{"embeddable":true,"href":"https:\/\/www.amt.genova.it\/amt\/wp-json\/wp\/v2\/media\/34137"}],"wp:attachment":[{"href":"https:\/\/www.amt.genova.it\/amt\/wp-json\/wp\/v2\/media?parent=34400"}],"wp:term":[{"taxonomy":"category","embeddable":true,"href":"https:\/\/www.amt.genova.it\/amt\/wp-json\/wp\/v2\/categories?post=34400"},{"taxonomy":"post_tag","embeddable":true,"href":"https:\/\/www.amt.genova.it\/amt\/wp-json\/wp\/v2\/tags?post=34400"}],"curies":[{"name":"wp","href":"https:\/\/api.w.org\/{rel}","templated":true}]}}