{"id":33734,"date":"2022-06-12T19:23:20","date_gmt":"2022-06-12T17:23:20","guid":{"rendered":"https:\/\/www.amt.genova.it\/amt\/?p=33734"},"modified":"2022-06-13T15:27:02","modified_gmt":"2022-06-13T13:27:02","slug":"ferrovia-genova-casella-variazioni-al-servizio-lunedi-13-martedi-14-e-mercoledi-15-giugno","status":"publish","type":"post","link":"https:\/\/www.amt.genova.it\/amt\/ferrovia-genova-casella-variazioni-al-servizio-lunedi-13-martedi-14-e-mercoledi-15-giugno\/","title":{"rendered":"Ferrovia Genova Casella variazioni al servizio luned\u00ec 13, marted\u00ec 14 e mercoled\u00ec 15 giugno"},"content":{"rendered":"<p>Nelle giornate di <strong>luned\u00ec 13, marted\u00ec 14 e mercoled\u00ec 15<\/strong> <strong>giugno<\/strong> il servizio della Ferrovia Genova Casella verr\u00e0 parzialmente effettuato con <strong>il bus sostitutivo<\/strong>, per l\u2019effettuazione di alcuni interventi di manutenzione lungo la linea ferroviaria.<\/p>\n<p>Verranno sostituite con bus, su tutto il percorso, le partenze sotto riportate:<strong>\u00a0<\/strong><\/p>\n<ul>\n<li><strong>da Casella le corse delle ore 8.52<\/strong> \u2013<strong>38 \u2013 13.15 \u2013 14.58;<\/strong><\/li>\n<li><strong>da Genova le corse delle ore 9.00 \u2013 10.30 \u2013 12.08 \u2013 13.23 \u2013 14.30.<\/strong><\/li>\n<\/ul>\n<p><strong>Tutte le altre partenze verranno regolarmente effettuate con il treno su tutto il percorso.<\/strong><\/p>\n<p>Si ricorda che le partenze del bus sostitutivo da Genova vengono effettuate da piazza Manin.<\/p>\n ","protected":false},"excerpt":{"rendered":"Nelle giornate di luned\u00ec 13, marted\u00ec 14 e mercoled\u00ec 15 giugno il servizio della Ferrovia Genova Casella verr\u00e0 parzialmente effettuato con il bus sostitutivo, per l\u2019effettuazione di alcuni interventi di manutenzione lungo la linea ferroviaria. Verranno sostituite con bus, su tutto il percorso, le partenze sotto riportate:\u00a0 da Casella le corse delle ore 8.52 \u201338 \u2013 13.15 \u2013 14.58; da&nbsp;<a href=\"https:\/\/www.amt.genova.it\/amt\/ferrovia-genova-casella-variazioni-al-servizio-lunedi-13-martedi-14-e-mercoledi-15-giugno\/\" class=\"read-more\">Continue Reading<\/a>","protected":false},"author":2,"featured_media":8395,"comment_status":"closed","ping_status":"open","sticky":false,"template":"","format":"standard","meta":{"footnotes":""},"categories":[4,1],"tags":[],"class_list":["post-33734","post","type-post","status-publish","format-standard","has-post-thumbnail","hentry","category-notizie","category-senza-categoria","cat-4-id","cat-1-id"],"_links":{"self":[{"href":"https:\/\/www.amt.genova.it\/amt\/wp-json\/wp\/v2\/posts\/33734","targetHints":{"allow":["GET"]}}],"collection":[{"href":"https:\/\/www.amt.genova.it\/amt\/wp-json\/wp\/v2\/posts"}],"about":[{"href":"https:\/\/www.amt.genova.it\/amt\/wp-json\/wp\/v2\/types\/post"}],"author":[{"embeddable":true,"href":"https:\/\/www.amt.genova.it\/amt\/wp-json\/wp\/v2\/users\/2"}],"replies":[{"embeddable":true,"href":"https:\/\/www.amt.genova.it\/amt\/wp-json\/wp\/v2\/comments?post=33734"}],"version-history":[{"count":1,"href":"https:\/\/www.amt.genova.it\/amt\/wp-json\/wp\/v2\/posts\/33734\/revisions"}],"predecessor-version":[{"id":33735,"href":"https:\/\/www.amt.genova.it\/amt\/wp-json\/wp\/v2\/posts\/33734\/revisions\/33735"}],"wp:featuredmedia":[{"embeddable":true,"href":"https:\/\/www.amt.genova.it\/amt\/wp-json\/wp\/v2\/media\/8395"}],"wp:attachment":[{"href":"https:\/\/www.amt.genova.it\/amt\/wp-json\/wp\/v2\/media?parent=33734"}],"wp:term":[{"taxonomy":"category","embeddable":true,"href":"https:\/\/www.amt.genova.it\/amt\/wp-json\/wp\/v2\/categories?post=33734"},{"taxonomy":"post_tag","embeddable":true,"href":"https:\/\/www.amt.genova.it\/amt\/wp-json\/wp\/v2\/tags?post=33734"}],"curies":[{"name":"wp","href":"https:\/\/api.w.org\/{rel}","templated":true}]}}