{"id":33731,"date":"2022-06-12T15:31:40","date_gmt":"2022-06-12T13:31:40","guid":{"rendered":"https:\/\/www.amt.genova.it\/amt\/?p=33731"},"modified":"2022-06-13T13:29:34","modified_gmt":"2022-06-13T11:29:34","slug":"il-13-giugno-parte-lorario-estivo-urbano-e-provinciale-con-nuovi-servizi-e-collegamenti-bus","status":"publish","type":"post","link":"https:\/\/www.amt.genova.it\/amt\/il-13-giugno-parte-lorario-estivo-urbano-e-provinciale-con-nuovi-servizi-e-collegamenti-bus\/","title":{"rendered":"Il 13 giugno parte l\u2019orario estivo urbano e provinciale con nuovi servizi e collegamenti bus"},"content":{"rendered":"<p><strong>Luned\u00ec 13 giugno<\/strong> parte l\u2019orario estivo del servizio urbano e provinciale che rester\u00e0 in vigore <strong>fino a domenica 11 settembre<\/strong>. Le novit\u00e0 principali che entreranno in vigore da luned\u00ec sono state annunciate nei giorni scorsi, si tratta del nuovo Taxibus a Granarolo, della conferma della linea estiva di collegamento tra Ruta e Portofino Vetta e dei due nuovi servizi a chiamata in ambito provinciale. Le ripercorriamo in sintesi; il dettaglio \u00e8 consultabile su questo sito, nella sezione \"AMT Notizie\" presente in home page.<\/p>\n<p>Da domani \u00e8 prevista l\u2019attivazione di <strong><a href=\"https:\/\/www.amt.genova.it\/amt\/nuovi-servizi-chiama-il-bus-dal-13-giugno-al-via-i-servizi-a-chiamata-nei-comuni-di-bargagli-davagna-e-savignone-valbrevenna\/\">due nuovi servizi \u201cChiama il Bus\u201d<\/a>: <\/strong>uno nei comuni di <strong>Savignone e Valbrevenna<\/strong> in Valle Scrivia, per gli abitanti delle frazioni di Sorrivi, Nenno, Penola, Mulino Vecchio, Fullo e Ternano, e uno nei comuni di <strong>Bargagli e Davagna<\/strong> in Valbisagno per le zone di Bargagli, La Presa, Preli, Viganego, Terrusso, Cavassolo, Maggiolo, Calvari, Marsiglia e Capenardo; quest\u2019ultima novit\u00e0 \u00e8 finanziata nell\u2019ambito della Strategia Nazionale per le Aree Interne (SNAI).<\/p>\n<p>Sempre in ambito metropolitano, nel Tigullio, \u00e8 stato confermato, anche per l\u2019estate 2022, il collegamento bus a servizio del Parco di Portofino. Per favorire una mobilit\u00e0 sempre pi\u00f9 sostenibile e attenta all\u2019ambiente, AMT e le amministrazioni di Camogli, Portofino e Santa Margherita Ligure hanno deciso di confermare il servizio della linea <strong>974 Ruta-Portofino Vetta<\/strong>. Il collegamento, promosso con una campagna dedicata e lanciato con il nome <a href=\"https:\/\/www.amt.genova.it\/amt\/lunedi-13-giugno-riparte-il-servizio-bus-per-portofino-vetta\/\"><strong>BusInVetta<\/strong><\/a>, permetter\u00e0 ai tanti escursionisti e turisti che vogliono scoprire le bellezze del Parco, di poter accedere alla Vetta e ai numerosi sentieri che attraversano l\u2019area regionale protetta del Monte di Portofino, godendo dell\u2019ambiente che li circonda senza il pensiero dell\u2019auto.<\/p>\n<p>In ambito genovese, la novit\u00e0 che parte con l\u2019estate \u00e8 il <a href=\"https:\/\/www.amt.genova.it\/amt\/nuovo-taxibus-t23-per-i-quartieri-di-belvedere-granarolo-e-mura-degli-angeli-il-nuovo-servizio-sara-attivo-da-lunedi-13-giugno\/\">nuovo servizio <strong>Taxibus t23<\/strong><\/a> che, da domani, collegher\u00e0 le zone di <strong>Belvedere e Mura degli Angeli alle alture di Granarolo<\/strong>.<\/p>\n<p>Per quanto riguarda la programmazione del servizio urbano, l\u2019orario estivo mantiene anche per questa stagione l\u2019incremento gi\u00e0 introdotto nell\u2019estate 2021 e apprezzato da cittadini e turisti. Il rafforzamento riguarder\u00e0 soprattutto le linee sulle quali normalmente si prevede un maggior utilizzo stagionale rispetto alla norma, vale a dire le linee bus 1, 15, 17, 20, 31, 32, 34, 36, 44 e 82.<\/p>\n<p>Sar\u00e0 istituita anche quest\u2019estate la <strong>linea 31 barrata <\/strong>(Brignole - via De Gaspari) con capolinea in via De Gaspari, per quanti raggiungono gli stabilimenti balneari di corso Italia con il bus.<\/p>\n<p>La programmazione estiva urbana sar\u00e0, come di consueto, modulata in <strong>due fasi<\/strong>:<\/p>\n<ul>\n<li>la <strong>fase 1<\/strong> in vigore dal 13 giugno al 24 luglio e dal 29 agosto all\u201911 settembre;<\/li>\n<li>la <strong>fase 2 <\/strong>in vigore dal 25 luglio al 28 agosto.<\/li>\n<\/ul>\n<p>Anche la programmazione del servizio provinciale ricalca complessivamente quella della scorsa estate, con alcune novit\u00e0. Oltre a quelle gi\u00e0 descritte in apertura, si segnala la partenza della <strong>nuova<\/strong> <strong>linea 830 che collegher\u00e0 Busalla FS, Borgo Fornari, Ronco Scrivia e Isola del Cantone<\/strong> grazie all\u2019adesione del comune di Isola del Cantone all\u2019accordo di programma con Citt\u00e0 Metropolitana<strong>, e l\u2019estensione, in Val Trebbia, della <\/strong>linea <strong>725 Genova Brignole - Torriglia<\/strong> fino alla localit\u00e0 <strong>Boffalora<\/strong>.<\/p>\n<p>Gli orari del servizio estivo, <a href=\"\/amt\/servizi\/stpora.pdf\">urbano<\/a> e <a href=\"\/amt\/trasporto-multimodale\/linee-bus-provinciali\/\">provinciale<\/a>, si possono consultare da questo sito accedendo direttamente dal bottone dedicato in home page o dalle pagine del menu \u201crete e orari\u201d oppure utilizzando la <strong>APP AMT<\/strong>. Ricordiamo che la APP AMT consente anche di acquistare alcuni titoli viaggio per il servizio urbano, provinciale e per la Ferrovia Genova - Casella tramite GooglePay (per il sistema Android), ApplePay (per il sistema iOS) e carta di credito.<\/p>\n<p>Visto il grande successo riscontrato dalla nuova formula di <strong><a href=\"https:\/\/www.amt.genova.it\/amt\/trimestrale-estivo-2022-prorogato-fino-al-10-luglio-lacquisto-del-trimestrale-estivo-per-viaggiare-su-tutta-la-rete-amt-urbana-e-provinciale-a-prezzo-scontato\/\">abbonamento trimestrale estivo \u201cFai Tris\u201d<\/a>,<\/strong> \u00e8 stata estesa la possibilit\u00e0 di acquistarlo, al prezzo speciale di 100 euro, fino al 10 luglio. Il trimestrale estivo consente di viaggiare su <strong>tutta la rete urbana AMT<\/strong>, compreso il servizio <strong>Navebus<\/strong>, sulla tratta urbana Trenitalia (da Nervi a Voltri, compresa Vesima, e da Acquasanta a Pontedecimo), sulla <strong>ferrovia Genova - Casella<\/strong> e su tutta la <strong>rete provinciale AMT<\/strong>. Tutti i dettagli si possono consultare nella pagina dedicata su questo sito.<\/p>\n ","protected":false},"excerpt":{"rendered":"Luned\u00ec 13 giugno parte l\u2019orario estivo del servizio urbano e provinciale che rester\u00e0 in vigore fino a domenica 11 settembre. Le novit\u00e0 principali che entreranno in vigore da luned\u00ec sono state annunciate nei giorni scorsi, si tratta del nuovo Taxibus a Granarolo, della conferma della linea estiva di collegamento tra Ruta e Portofino Vetta e dei due nuovi servizi a&nbsp;<a href=\"https:\/\/www.amt.genova.it\/amt\/il-13-giugno-parte-lorario-estivo-urbano-e-provinciale-con-nuovi-servizi-e-collegamenti-bus\/\" class=\"read-more\">Continue Reading<\/a>","protected":false},"author":2,"featured_media":33581,"comment_status":"closed","ping_status":"open","sticky":false,"template":"","format":"standard","meta":{"footnotes":""},"categories":[56,4,1],"tags":[],"class_list":["post-33731","post","type-post","status-publish","format-standard","has-post-thumbnail","hentry","category-homepage","category-notizie","category-senza-categoria","cat-56-id","cat-4-id","cat-1-id"],"_links":{"self":[{"href":"https:\/\/www.amt.genova.it\/amt\/wp-json\/wp\/v2\/posts\/33731","targetHints":{"allow":["GET"]}}],"collection":[{"href":"https:\/\/www.amt.genova.it\/amt\/wp-json\/wp\/v2\/posts"}],"about":[{"href":"https:\/\/www.amt.genova.it\/amt\/wp-json\/wp\/v2\/types\/post"}],"author":[{"embeddable":true,"href":"https:\/\/www.amt.genova.it\/amt\/wp-json\/wp\/v2\/users\/2"}],"replies":[{"embeddable":true,"href":"https:\/\/www.amt.genova.it\/amt\/wp-json\/wp\/v2\/comments?post=33731"}],"version-history":[{"count":10,"href":"https:\/\/www.amt.genova.it\/amt\/wp-json\/wp\/v2\/posts\/33731\/revisions"}],"predecessor-version":[{"id":33887,"href":"https:\/\/www.amt.genova.it\/amt\/wp-json\/wp\/v2\/posts\/33731\/revisions\/33887"}],"wp:featuredmedia":[{"embeddable":true,"href":"https:\/\/www.amt.genova.it\/amt\/wp-json\/wp\/v2\/media\/33581"}],"wp:attachment":[{"href":"https:\/\/www.amt.genova.it\/amt\/wp-json\/wp\/v2\/media?parent=33731"}],"wp:term":[{"taxonomy":"category","embeddable":true,"href":"https:\/\/www.amt.genova.it\/amt\/wp-json\/wp\/v2\/categories?post=33731"},{"taxonomy":"post_tag","embeddable":true,"href":"https:\/\/www.amt.genova.it\/amt\/wp-json\/wp\/v2\/tags?post=33731"}],"curies":[{"name":"wp","href":"https:\/\/api.w.org\/{rel}","templated":true}]}}