{"id":33330,"date":"2022-05-29T21:11:48","date_gmt":"2022-05-29T19:11:48","guid":{"rendered":"https:\/\/www.amt.genova.it\/amt\/?p=33330"},"modified":"2022-06-03T08:48:43","modified_gmt":"2022-06-03T06:48:43","slug":"ferrovia-genova-casella-il-servizio-dal-30-maggio-al-1-giugno","status":"publish","type":"post","link":"https:\/\/www.amt.genova.it\/amt\/ferrovia-genova-casella-il-servizio-dal-30-maggio-al-1-giugno\/","title":{"rendered":"Ferrovia Genova &#8211; Casella: il servizio dal 30 maggio al 1\u00b0 giugno"},"content":{"rendered":"<p class=\"s6\"><span class=\"s10\"><span class=\"bumpedFont15\">Nelle giornate di<\/span><\/span> <span class=\"s11\"><span class=\"bumpedFont15\">luned\u00ec 30, marted\u00ec 31 maggio e mercoled\u00ec 1\u00b0 giugno<\/span><\/span><span class=\"s10\"><span class=\"bumpedFont15\">,<\/span><\/span> <span class=\"s10\"><span class=\"bumpedFont15\">il servizio <\/span><\/span><span class=\"s10\"><span class=\"bumpedFont15\">sar\u00e0 svolto in <\/span><\/span><span class=\"s10\"><span class=\"bumpedFont15\">modalit\u00e0 mista<\/span><\/span><span class=\"s10\"><span class=\"bumpedFont15\">, treno<\/span><\/span><span class=\"s10\"><span class=\"bumpedFont15\">\u00a0e bus sostitutivo<\/span><\/span><span class=\"s10\"><span class=\"bumpedFont15\">,<\/span><\/span><span class=\"s10\"><span class=\"bumpedFont15\"> con le <\/span><\/span><span class=\"s11\"><span class=\"bumpedFont15\">modalit\u00e0 di seguito indicate<\/span><\/span><span class=\"s10\"><span class=\"bumpedFont15\">.<\/span><\/span><\/p>\n<div class=\"s13\"><span class=\"s12\">\u2713 <\/span><span class=\"s10\"><span class=\"bumpedFont15\">Corse effettuate <\/span><\/span><span class=\"s11\"><span class=\"bumpedFont15\">con il treno<\/span><\/span><span class=\"s10\"><span class=\"bumpedFont15\">: partenze <\/span><\/span><span class=\"s11\"><span class=\"bumpedFont15\">da Casella<\/span><\/span><span class=\"s10\"><span class=\"bumpedFont15\"> delle ore<\/span><\/span><span class=\"s10\"><span class=\"bumpedFont15\"> 6.20 - <\/span><\/span><span class=\"s10\"><span class=\"bumpedFont15\">7.27<\/span><\/span><span class=\"s10\"><span class=\"bumpedFont15\"> 8.52 -<\/span><\/span><span class=\"s10\"><span class=\"bumpedFont15\"> 10.38 <\/span><\/span><span class=\"s10\"><span class=\"bumpedFont15\">-<\/span><\/span><span class=\"s10\"><span class=\"bumpedFont15\">13.15 -<\/span><\/span><span class=\"s10\"><span class=\"bumpedFont15\"> 16.<\/span><\/span><span class=\"s10\"><span class=\"bumpedFont15\">38<\/span><\/span> <span class=\"s10\"><span class=\"bumpedFont15\">e da <\/span><\/span><span class=\"s11\"><span class=\"bumpedFont15\">Genova<\/span><\/span><span class=\"s10\"><span class=\"bumpedFont15\"> delle ore<\/span><\/span><span class=\"s10\"><span class=\"bumpedFont15\"> 7.35 - 9.00 -<\/span><\/span><span class=\"s10\"><span class=\"bumpedFont15\">12.<\/span><\/span><span class=\"s10\"><span class=\"bumpedFont15\">08 <\/span><\/span><span class=\"s10\"><span class=\"bumpedFont15\">13.23<\/span><\/span><span class=\"s10\"><span class=\"bumpedFont15\"> - 14.30 -<\/span><\/span><span class=\"s10\"><span class=\"bumpedFont15\"> 18.<\/span><\/span><span class=\"s10\"><span class=\"bumpedFont15\">00.<\/span><\/span><\/div>\n<div class=\"s15\"><span class=\"s14\">\u2713 <\/span><span class=\"s10\"><span class=\"bumpedFont15\">Corse effettuate <\/span><\/span><span class=\"s11\"><span class=\"bumpedFont15\">con il bus sostitutivo<\/span><\/span><span class=\"s10\"><span class=\"bumpedFont15\">: partenze <\/span><\/span><span class=\"s11\"><span class=\"bumpedFont15\">da Casella<\/span><\/span><span class=\"s10\"><span class=\"bumpedFont15\"> delle ore<\/span><\/span><span class=\"s10\"><span class=\"bumpedFont15\"> 14.58 - 18.08 -<\/span><\/span><span class=\"s10\"><span class=\"bumpedFont15\">19.27 e <\/span><\/span><span class=\"s11\"><span class=\"bumpedFont15\">da Genova<\/span><\/span><span class=\"s10\"><span class=\"bumpedFont15\"> delle ore 10<\/span><\/span><span class=\"s10\"><span class=\"bumpedFont15\">.30 - <\/span><\/span><span class=\"s10\"><span class=\"bumpedFont15\">16.46 -<\/span><\/span><span class=\"s10\"><span class=\"bumpedFont15\">19.35.<\/span><\/span><\/div>\n<p class=\"s9\"><span class=\"s10\"><span class=\"bumpedFont15\">Questa modalit\u00e0 di servizio \u00e8 dovuta a situazioni legate all\u2019emergenza Covid.<\/span><\/span><\/p>\n ","protected":false},"excerpt":{"rendered":"Nelle giornate di luned\u00ec 30, marted\u00ec 31 maggio e mercoled\u00ec 1\u00b0 giugno, il servizio sar\u00e0 svolto in modalit\u00e0 mista, treno\u00a0e bus sostitutivo, con le modalit\u00e0 di seguito indicate. \u2713 Corse effettuate con il treno: partenze da Casella delle ore 6.20 - 7.27 8.52 - 10.38 -13.15 - 16.38 e da Genova delle ore 7.35 - 9.00 -12.08 13.23 - 14.30&nbsp;<a href=\"https:\/\/www.amt.genova.it\/amt\/ferrovia-genova-casella-il-servizio-dal-30-maggio-al-1-giugno\/\" class=\"read-more\">Continue Reading<\/a>","protected":false},"author":2,"featured_media":30152,"comment_status":"closed","ping_status":"open","sticky":false,"template":"","format":"standard","meta":{"footnotes":""},"categories":[4,1],"tags":[],"class_list":["post-33330","post","type-post","status-publish","format-standard","has-post-thumbnail","hentry","category-notizie","category-senza-categoria","cat-4-id","cat-1-id"],"_links":{"self":[{"href":"https:\/\/www.amt.genova.it\/amt\/wp-json\/wp\/v2\/posts\/33330","targetHints":{"allow":["GET"]}}],"collection":[{"href":"https:\/\/www.amt.genova.it\/amt\/wp-json\/wp\/v2\/posts"}],"about":[{"href":"https:\/\/www.amt.genova.it\/amt\/wp-json\/wp\/v2\/types\/post"}],"author":[{"embeddable":true,"href":"https:\/\/www.amt.genova.it\/amt\/wp-json\/wp\/v2\/users\/2"}],"replies":[{"embeddable":true,"href":"https:\/\/www.amt.genova.it\/amt\/wp-json\/wp\/v2\/comments?post=33330"}],"version-history":[{"count":1,"href":"https:\/\/www.amt.genova.it\/amt\/wp-json\/wp\/v2\/posts\/33330\/revisions"}],"predecessor-version":[{"id":33331,"href":"https:\/\/www.amt.genova.it\/amt\/wp-json\/wp\/v2\/posts\/33330\/revisions\/33331"}],"wp:featuredmedia":[{"embeddable":true,"href":"https:\/\/www.amt.genova.it\/amt\/wp-json\/wp\/v2\/media\/30152"}],"wp:attachment":[{"href":"https:\/\/www.amt.genova.it\/amt\/wp-json\/wp\/v2\/media?parent=33330"}],"wp:term":[{"taxonomy":"category","embeddable":true,"href":"https:\/\/www.amt.genova.it\/amt\/wp-json\/wp\/v2\/categories?post=33330"},{"taxonomy":"post_tag","embeddable":true,"href":"https:\/\/www.amt.genova.it\/amt\/wp-json\/wp\/v2\/tags?post=33330"}],"curies":[{"name":"wp","href":"https:\/\/api.w.org\/{rel}","templated":true}]}}