{"id":33166,"date":"2022-05-16T18:27:14","date_gmt":"2022-05-16T16:27:14","guid":{"rendered":"https:\/\/www.amt.genova.it\/amt\/?p=33166"},"modified":"2022-05-19T11:16:45","modified_gmt":"2022-05-19T09:16:45","slug":"giro-ditalia-le-variazioni-al-servizio-amt","status":"publish","type":"post","link":"https:\/\/www.amt.genova.it\/amt\/giro-ditalia-le-variazioni-al-servizio-amt\/","title":{"rendered":"Giro d\u2019Italia: le variazioni al servizio AMT"},"content":{"rendered":"<p>In occasione del Giro d\u2019Italia 2022, che far\u00e0 tappa a Genova, anche il servizio AMT sar\u00e0 modificato in adeguamento ai provvedimenti di viabilit\u00e0 previsti dagli organi preposti. Le variazioni verranno attuate progressivamente a partire dalle ore 17.00 di mercoled\u00ec 18 maggio.<\/p>\n<p>L\u2019organizzazione della corsa comporter\u00e0, infatti, alcune <a href=\"https:\/\/smart.comune.genova.it\/comunicati-stampa\/giro-d%E2%80%99italia-come-cambia-la-viabilit%C3%A0-l%E2%80%99elenco-completo-delle-modifiche-i-divieti\" target=\"_blank\" rel=\"noopener\">modifiche alla viabilit\u00e0<\/a> \u00a0nella zona di arrivo e su tutte le aree del territorio \u201ctoccate\u201d dalla gara ciclistica, gi\u00e0 a partire dal pomeriggio di mercoled\u00ec 18 maggio.<\/p>\n<p>Nella giornata di <strong>gioved\u00ec 19 maggio<\/strong>, per agevolare gli spostamenti, <strong>il servizio della<\/strong> <strong>metropolitana sar\u00e0 potenziato<\/strong> <strong>dalle ore 10.00 alle ore 19.00<\/strong>.<\/p>\n<p><strong>Le deviazioni temporanee ai percorsi delle linee bus saranno gestite dal personale graduato di AMT, presente sul territorio, in coordinamento con la Polizia Locale.<\/strong><\/p>\n<h2><span style=\"color: #ff9900;\"><strong>Servizio urbano<\/strong><\/span><\/h2>\n<h3><strong>Mercoled\u00ec 18 maggio 2022<\/strong><\/h3>\n<p><strong>Dalle ore 17.00 a cessate esigenze di gioved\u00ec 19 maggio:<\/strong><\/p>\n<ul>\n<li>Linea 14 direzione centro limitata in via Canevari<\/li>\n<li>Linea 17 direzione centro limitata in viale Duca d\u2019Aosta<\/li>\n<li>Linea 37 direzione centro limitata in viale Thaon di Revel<\/li>\n<li>Linea 42 direzione centro limitata in via Diaz<\/li>\n<li>Linea 44 direzione centro limitata in viale Thaon di Revel<\/li>\n<\/ul>\n<p><strong>Dalle ore 20.00 fino a cessate esigenze di gioved\u00ec 19 maggio:<\/strong><\/p>\n<ul>\n<li>Linee 35-46-Volabus-635-685-686-687 deviate su percorsi alternativi<\/li>\n<\/ul>\n<p><strong>Dalle ore 24.00 fino a cessate esigenze di gioved\u00ec 19 maggio:<\/strong><\/p>\n<ul>\n<li>Linee 606-607-618-640-641-N1-N2 deviate su percorsi alternativi<\/li>\n<\/ul>\n<h3><strong>Gioved\u00ec 19 maggio 2022<\/strong><\/h3>\n<p><strong>In aggiunta ai provvedimenti<\/strong> gi\u00e0 in vigore da mercoled\u00ec 18 maggio, da inizio servizio a cessate esigenze di gioved\u00ec 19 maggio:<\/p>\n<ul>\n<li>Linee 15-18-20-31-34-36-39-40-634 deviate su percorsi alternativi.<\/li>\n<\/ul>\n<p>La <strong>navetta Centro Storico<\/strong> sar\u00e0 sospesa per l\u2019intera giornata di gioved\u00ec.<\/p>\n<p>In concomitanza con le chiusure disposte dalla Polizia Locale in zona <strong>Valbisagno e Valpolcevera<\/strong> (indicativamente dalle 14.00):<\/p>\n<ul>\n<li>Linee 13-14 direzione monte limitate in via Piacenza<\/li>\n<li>Linea 48 direzione monte limitata in via Adamoli<\/li>\n<li>Linee integrative I15-I21-I27 limitazioni di percorso<\/li>\n<li>Linee 5-6 servizio sospeso<\/li>\n<li>Linee 53-74 limitazioni di percorso<\/li>\n<li>Linea 63 deviata su percorsi alternativi<\/li>\n<li>Drinbus Bolzaneto sospeso servizio sulla sponda destra del Polcevera<\/li>\n<li>Linea integrativa I05 servizio sospeso<\/li>\n<\/ul>\n<p>In concomitanza con le chiusure disposte dalla Polizia Locale in zona centro (indicativamente dalle 14.30), saranno adottate ulteriori limitazioni alle linee: 13-15-16-17-18-18\/-20-31-42-44-46-47-85-Volabus.<\/p>\n<h2 style=\"text-align: center;\"><a href=\"https:\/\/www.amt.genova.it\/amt\/giro-ditalia-2022-variazioni-di-percorso-delle-linee-bus\/\">Clicca qui<\/a> per i dettagli delle variazioni<\/h2>\n<p>&nbsp;<\/p>\n<h2><span style=\"color: #3366ff;\"><strong>Servizio provinciale<\/strong><\/span><\/h2>\n<h3><strong>Gioved\u00ec 19 maggio 2022<\/strong><\/h3>\n<p>La corsa ciclistica transiter\u00e0 nella provincia di Genova dal Passo del Bocco, nel comune di Mezzanego, indicativamente verso le ore 14, raggiungendo Carasco (alle ore 14.50 circa) da dove imboccher\u00e0 la SP225 della Val Fontanabuona in direzione Genova. Giunti a Ferriere, i ciclisti transiteranno da Boasi, Bargagli (ore 15.50 circa), San Gottardo, per dirigersi a Trensasco - Piccarello dove proseguiranno per Genova. I tratti di strada interessati al passaggio degli atleti verranno chiusi al traffico veicolare circa 30 minuti prima e verranno riaperti pochi minuti dopo il transito dell\u2019auto riportante il segnale \u201cFine gara ciclistica\u201d.<\/p>\n<p>Le<strong> linee bus provinciali interessate alle temporanee interruzioni al servizio<\/strong>, programmate in base all\u2019orario di transito degli atleti come indicato dalla cronotabella del Giro d\u2019Italia, <strong>sono le seguenti<\/strong>.<\/p>\n<p><strong>Nel Tigullio Centrale<br \/>\n<\/strong><strong>826<\/strong> Carasco - Montemoggio - Borzonasca<br \/>\n<strong>711<\/strong> Chiavari - Borzonasca - Rezzoaglio - Santo Stefano d'Aveto<br \/>\n<strong>712<\/strong> Chiavari - Borzonasca<br \/>\n<strong>715<\/strong> Chiavari FS - Gattorna - Ferriere - Genova<br \/>\n<strong>713<\/strong> Rostio - Chiavari FS - Caperana - Carasco<br \/>\n<strong>814<\/strong> Chiavari FS - Villagrande di Cichero \u2013 Ferreccio<\/p>\n<p><strong>\u00a0<\/strong>Si segnalano inoltre le seguenti variazioni al servizio:<\/p>\n<ul>\n<li>la corsa della <strong>linea 715<\/strong> riservata agli studenti in partenza da viale Caviglia alle ore 14.30 per Monleone non verr\u00e0 effettuata;<\/li>\n<li>il servizio di trasporto scolastico<strong> \u201cscuolabus\u201d<\/strong> per i <strong>comuni di Borzonasca, Mezzanego, Neirone, San Colombano Certenoli e Moconesi<\/strong> sar\u00e0 garantito esclusivamente per il tragitto mattinale di sola andata casa - scuola. Non sar\u00e0 effettuato il servizio di ritorno scuola - casa sia mattinale che pomeridiano.<\/li>\n<\/ul>\n<p><strong>In Valbisagno \/ Val Trebbia<br \/>\n<\/strong><strong>725<\/strong> Genova Brignole - Bargagli - Torriglia - Ottone<br \/>\n<strong>824 <\/strong>Traso ponte - Traso centro - Traso alto - Sant\u2019Alberto - Bargagli<br \/>\n<strong>832<\/strong> Prato - Terrusso - Cisiano<br \/>\n<strong>726 <\/strong>Torriglia - Laccio - Davagna - Prato<br \/>\n<strong>831 <\/strong>Prato - Marsiglia<br \/>\n<strong>728<\/strong> Genova - Creto - Montoggio - Morasco - Bromia<\/p>\n<p>Si segnala che il servizio di trasporto scolastico<strong> \u201cscuolabus\u201d<\/strong> nel <strong>comune di Bargagli<\/strong> sar\u00e0 garantito esclusivamente per il tragitto mattinale di sola andata casa - scuola. Non sar\u00e0 effettuato il servizio di ritorno scuola - casa sia mattinale che pomeridiano.<\/p>\n<p><strong>In Valpolcevera<br \/>\n<\/strong><strong>735 <\/strong>Bolzaneto - Pedemonte<strong><br \/>\n836 <\/strong>Bolzaneto - Pedemonte - Serra Ricc\u00f2 - Valleregia<strong><br \/>\n840 <\/strong>Bolzaneto - Pedemonte - Orero - Casella<strong><br \/>\n737 <\/strong>Bolzaneto - Piccarello - Casanova<strong><br \/>\n738 <\/strong>Bolzaneto - Piccarello - Sant\u2019Olcese<br \/>\n<strong>932 <\/strong>Rivarolo Brin (capolinea metro) - Bolzaneto - Santuario Nostra Signora della Guardia<br \/>\n<strong>820 <\/strong>Genova Staglieno - Campi<\/p>\n<p><strong>In Valle Stura<br \/>\n<\/strong><strong>Linea 702<br \/>\n<\/strong><strong>Variazioni <\/strong><strong>in vigore dalla mezzanotte di mercoled\u00ec 18\/5 fino a cessate esigenze di gioved\u00ec 19\/5<br \/>\nDirezione Valle Stura<\/strong>: i bus, in partenza dal capolinea di viale Caviglia, proseguiranno per viale Duca d\u2019Aosta, viale Brigata Bisagno, corso Saffi, corso Quadrio, piazza Cavour, via Gramsci, via delle Fontane, via Balbi dove riprenderanno regolare percorso. <strong>Direzione viale Caviglia<\/strong>: i bus, giunti in piazza della Nunziata, proseguiranno per piazza Portello, piazza Corvetto, via S.S. Giacomo e Filippo, via Serra, via De Amicis, viale Caviglia dove effettueranno regolare capolinea.<\/p>\n<p><strong>In Valle Scrivia<br \/>\n<\/strong><strong>Linea 727<br \/>\n<\/strong><strong>Variazioni <\/strong><strong>in vigore dalla mezzanotte di mercoled\u00ec 18\/5 fino a cessate esigenze di gioved\u00ec 19\/5<br \/>\nDirezione Valle Scrivia<\/strong>: i bus, in partenza dal capolinea di viale Caviglia, proseguiranno per viale Duca d\u2019Aosta, viale Brigata Bisagno, corso Saffi, corso Quadrio, piazza Cavour, via Gramsci, via delle Fontane, via Balbi dove riprenderanno regolare percorso. <strong>Direzione viale Caviglia<\/strong>: i bus, giunti in piazza della Nunziata, proseguiranno per piazza Portello, piazza Corvetto, via S.S. Giacomo e Filippo, via Serra, via De Amicis, viale Caviglia dove effettueranno regolare capolinea.<\/p>\n<p>&nbsp;<\/p>\n ","protected":false},"excerpt":{"rendered":"In occasione del Giro d\u2019Italia 2022, che far\u00e0 tappa a Genova, anche il servizio AMT sar\u00e0 modificato in adeguamento ai provvedimenti di viabilit\u00e0 previsti dagli organi preposti. Le variazioni verranno attuate progressivamente a partire dalle ore 17.00 di mercoled\u00ec 18 maggio. L\u2019organizzazione della corsa comporter\u00e0, infatti, alcune modifiche alla viabilit\u00e0 \u00a0nella zona di arrivo e su tutte le aree del&nbsp;<a href=\"https:\/\/www.amt.genova.it\/amt\/giro-ditalia-le-variazioni-al-servizio-amt\/\" class=\"read-more\">Continue Reading<\/a>","protected":false},"author":2,"featured_media":33141,"comment_status":"closed","ping_status":"open","sticky":false,"template":"","format":"standard","meta":{"footnotes":""},"categories":[4,1],"tags":[],"class_list":["post-33166","post","type-post","status-publish","format-standard","has-post-thumbnail","hentry","category-notizie","category-senza-categoria","cat-4-id","cat-1-id"],"_links":{"self":[{"href":"https:\/\/www.amt.genova.it\/amt\/wp-json\/wp\/v2\/posts\/33166","targetHints":{"allow":["GET"]}}],"collection":[{"href":"https:\/\/www.amt.genova.it\/amt\/wp-json\/wp\/v2\/posts"}],"about":[{"href":"https:\/\/www.amt.genova.it\/amt\/wp-json\/wp\/v2\/types\/post"}],"author":[{"embeddable":true,"href":"https:\/\/www.amt.genova.it\/amt\/wp-json\/wp\/v2\/users\/2"}],"replies":[{"embeddable":true,"href":"https:\/\/www.amt.genova.it\/amt\/wp-json\/wp\/v2\/comments?post=33166"}],"version-history":[{"count":14,"href":"https:\/\/www.amt.genova.it\/amt\/wp-json\/wp\/v2\/posts\/33166\/revisions"}],"predecessor-version":[{"id":33168,"href":"https:\/\/www.amt.genova.it\/amt\/wp-json\/wp\/v2\/posts\/33166\/revisions\/33168"}],"wp:featuredmedia":[{"embeddable":true,"href":"https:\/\/www.amt.genova.it\/amt\/wp-json\/wp\/v2\/media\/33141"}],"wp:attachment":[{"href":"https:\/\/www.amt.genova.it\/amt\/wp-json\/wp\/v2\/media?parent=33166"}],"wp:term":[{"taxonomy":"category","embeddable":true,"href":"https:\/\/www.amt.genova.it\/amt\/wp-json\/wp\/v2\/categories?post=33166"},{"taxonomy":"post_tag","embeddable":true,"href":"https:\/\/www.amt.genova.it\/amt\/wp-json\/wp\/v2\/tags?post=33166"}],"curies":[{"name":"wp","href":"https:\/\/api.w.org\/{rel}","templated":true}]}}