{"id":32977,"date":"2022-05-08T20:35:31","date_gmt":"2022-05-08T18:35:31","guid":{"rendered":"https:\/\/www.amt.genova.it\/amt\/?p=32977"},"modified":"2022-05-13T08:18:33","modified_gmt":"2022-05-13T06:18:33","slug":"metropolitana-il-programma-delle-attivita-di-manutenzione-serale-dal-10-al-12-maggio","status":"publish","type":"post","link":"https:\/\/www.amt.genova.it\/amt\/metropolitana-il-programma-delle-attivita-di-manutenzione-serale-dal-10-al-12-maggio\/","title":{"rendered":"Metropolitana: il programma delle attivit\u00e0 di manutenzione serale dal 10 al 12 maggio"},"content":{"rendered":"<p>Prosegue il piano delle attivit\u00e0 di ammodernamento e manutenzione della metropolitana. Il programma dei lavori della settimana prevede: interventi di manutenzione all\u2019armamento ferroviario e sostituzione di due tratti di linea aerea a Brignole e a Brin.<\/p>\n<p>Per consentire l\u2019effettuazione dei lavori \u00e8 prevista la <strong>chiusura anticipata della metro nelle serate di marted\u00ec 10, mercoled\u00ec 11 e gioved\u00ec 12 maggio. <\/strong>Le <strong>ultime partenze<\/strong> saranno alle <strong>ore 21.10 da Brin <\/strong>per Brignole e alle<strong> ore 21.17 da Brignole<\/strong> per Brin. Il collegamento serale con la Valpolcevera \u00e8 garantito dalla <strong>linea 9<\/strong> (Caricamento - Brin - Pontedecimo).<\/p>\n<p>Ricordiamo che la chiusura serale anticipata della metro consente di avere a disposizione le giuste tempistiche per l\u2019effettuazione dei lavori previsti e di svolgere in sicurezza, ovvero senza la circolazione dei treni, tutte le attivit\u00e0 programmate.<\/p>\n ","protected":false},"excerpt":{"rendered":"Prosegue il piano delle attivit\u00e0 di ammodernamento e manutenzione della metropolitana. Il programma dei lavori della settimana prevede: interventi di manutenzione all\u2019armamento ferroviario e sostituzione di due tratti di linea aerea a Brignole e a Brin. Per consentire l\u2019effettuazione dei lavori \u00e8 prevista la chiusura anticipata della metro nelle serate di marted\u00ec 10, mercoled\u00ec 11 e gioved\u00ec 12 maggio. Le&nbsp;<a href=\"https:\/\/www.amt.genova.it\/amt\/metropolitana-il-programma-delle-attivita-di-manutenzione-serale-dal-10-al-12-maggio\/\" class=\"read-more\">Continue Reading<\/a>","protected":false},"author":2,"featured_media":7940,"comment_status":"closed","ping_status":"open","sticky":false,"template":"","format":"standard","meta":{"footnotes":""},"categories":[4,1,64],"tags":[],"class_list":["post-32977","post","type-post","status-publish","format-standard","has-post-thumbnail","hentry","category-notizie","category-senza-categoria","category-urbano","cat-4-id","cat-1-id","cat-64-id"],"_links":{"self":[{"href":"https:\/\/www.amt.genova.it\/amt\/wp-json\/wp\/v2\/posts\/32977","targetHints":{"allow":["GET"]}}],"collection":[{"href":"https:\/\/www.amt.genova.it\/amt\/wp-json\/wp\/v2\/posts"}],"about":[{"href":"https:\/\/www.amt.genova.it\/amt\/wp-json\/wp\/v2\/types\/post"}],"author":[{"embeddable":true,"href":"https:\/\/www.amt.genova.it\/amt\/wp-json\/wp\/v2\/users\/2"}],"replies":[{"embeddable":true,"href":"https:\/\/www.amt.genova.it\/amt\/wp-json\/wp\/v2\/comments?post=32977"}],"version-history":[{"count":1,"href":"https:\/\/www.amt.genova.it\/amt\/wp-json\/wp\/v2\/posts\/32977\/revisions"}],"predecessor-version":[{"id":32978,"href":"https:\/\/www.amt.genova.it\/amt\/wp-json\/wp\/v2\/posts\/32977\/revisions\/32978"}],"wp:featuredmedia":[{"embeddable":true,"href":"https:\/\/www.amt.genova.it\/amt\/wp-json\/wp\/v2\/media\/7940"}],"wp:attachment":[{"href":"https:\/\/www.amt.genova.it\/amt\/wp-json\/wp\/v2\/media?parent=32977"}],"wp:term":[{"taxonomy":"category","embeddable":true,"href":"https:\/\/www.amt.genova.it\/amt\/wp-json\/wp\/v2\/categories?post=32977"},{"taxonomy":"post_tag","embeddable":true,"href":"https:\/\/www.amt.genova.it\/amt\/wp-json\/wp\/v2\/tags?post=32977"}],"curies":[{"name":"wp","href":"https:\/\/api.w.org\/{rel}","templated":true}]}}