{"id":32727,"date":"2022-04-23T12:20:39","date_gmt":"2022-04-23T10:20:39","guid":{"rendered":"https:\/\/www.amt.genova.it\/amt\/?p=32727"},"modified":"2022-04-25T20:16:27","modified_gmt":"2022-04-25T18:16:27","slug":"linee-amt-per-lincontro-di-calcio-genoa-cagliari","status":"publish","type":"post","link":"https:\/\/www.amt.genova.it\/amt\/linee-amt-per-lincontro-di-calcio-genoa-cagliari\/","title":{"rendered":"Linee AMT per l\u2019incontro di calcio Genoa &#8211; Cagliari"},"content":{"rendered":"<p>In occasione dell\u2019incontro di calcio <strong>Genoa - Cagliari<\/strong>, in programma <strong>domenica 24 aprile alle ore 18.00 <\/strong>allo stadio Luigi Ferraris, il capolinea delle linee provinciali di <strong>viale Caviglia<\/strong> sar\u00e0 <strong>provvisoriamente spostato in viale Thaon di Revel. <\/strong>Lo spostamento del capolinea avr\u00e0 luogo dalle ore 10.00 fino al termine della partita.<\/p>\n<p>Come di consueto, sar\u00e0 attivo il servizio delle linee <strong>BM<\/strong> (Molassana - Stadio) con arrivo a piazzale Marassi, <strong>CM<\/strong> (Caricamento - Stadio) e <strong>KM <\/strong>(piazzale Kennedy - Stadio) con arrivo a via Bonifacio, <strong>SM<\/strong> (piazza Acquaverde - Stadio) con arrivo in via Monticelli.<\/p>\n<p>Ecco in dettaglio gli orari delle linee:<\/p>\n<p>&nbsp;<\/p>\n<p><strong>BM <\/strong>corse da Molassana:<\/p>\n<table width=\"432\">\n<tbody>\n<tr>\n<td width=\"62\">16.00<\/td>\n<td width=\"62\">16.15<\/td>\n<td width=\"62\">16.35<\/td>\n<td width=\"62\">16.55<\/td>\n<td width=\"62\">17.10<\/td>\n<td width=\"62\">17.30<\/td>\n<td width=\"62\">17.45<\/td>\n<\/tr>\n<\/tbody>\n<\/table>\n<p>&nbsp;<\/p>\n<p><strong>CM <\/strong>corse da Caricamento:<\/p>\n<table width=\"432\">\n<tbody>\n<tr>\n<td width=\"62\">15.55<\/td>\n<td width=\"62\">16.10<\/td>\n<td width=\"62\">16.30<\/td>\n<td width=\"62\">16.50<\/td>\n<td width=\"62\">17.05<\/td>\n<td width=\"62\">17.25<\/td>\n<td width=\"62\">17.40<\/td>\n<\/tr>\n<\/tbody>\n<\/table>\n<p>&nbsp;<\/p>\n<p><strong>KM <\/strong>corse da piazzale Kennedy:<\/p>\n<table width=\"741\">\n<tbody>\n<tr>\n<td width=\"62\">16.00<\/td>\n<td width=\"62\">16.10<\/td>\n<td width=\"62\">16.20<\/td>\n<td width=\"62\">16.30<\/td>\n<td width=\"62\">16.40<\/td>\n<td width=\"62\">16.50<\/td>\n<td width=\"62\">17.00<\/td>\n<td width=\"62\">17.10<\/td>\n<td width=\"62\">17.20<\/td>\n<td width=\"62\">17.30<\/td>\n<td width=\"62\">17.40<\/td>\n<td width=\"62\">17.50<\/td>\n<\/tr>\n<\/tbody>\n<\/table>\n<p>&nbsp;<\/p>\n<p><strong>SM <\/strong>corse da piazza Acquaverde:<\/p>\n<table width=\"741\">\n<tbody>\n<tr>\n<td width=\"62\">16.00<\/td>\n<td width=\"62\">16.10<\/td>\n<td width=\"62\">16.20<\/td>\n<td width=\"62\">16.30<\/td>\n<td width=\"62\">16.40<\/td>\n<td width=\"62\">16.50<\/td>\n<td width=\"62\">17.00<\/td>\n<td width=\"62\">17.10<\/td>\n<td width=\"62\">17.20<\/td>\n<td width=\"62\">17.30<\/td>\n<td width=\"62\">17.40<\/td>\n<td width=\"62\">17.50<\/td>\n<\/tr>\n<\/tbody>\n<\/table>\n<p>&nbsp;<\/p>\n<p>Al termine dell\u2019incontro saranno in funzione le stesse linee speciali in partenza da via Monticelli, via Bonifacio e piazzale Marassi. Ricordiamo le altre principali linee transitanti in zona Stadio: <strong>13<\/strong> (Prato - Caricamento), <strong>37 <\/strong>(via dei Platani - via Dante\/De Ferrari),<strong> 48<\/strong> (Molassana - PS San Martino), <strong>82<\/strong> (Brignole \u2013 Quezzi), <strong>480<\/strong> (stazione Brignole - Sant\u2019Eusebio) e <strong>482<\/strong> (stazione Brignole - Sant\u2019Eusebio).<\/p>\n ","protected":false},"excerpt":{"rendered":"In occasione dell\u2019incontro di calcio Genoa - Cagliari, in programma domenica 24 aprile alle ore 18.00 allo stadio Luigi Ferraris, il capolinea delle linee provinciali di viale Caviglia sar\u00e0 provvisoriamente spostato in viale Thaon di Revel. Lo spostamento del capolinea avr\u00e0 luogo dalle ore 10.00 fino al termine della partita. Come di consueto, sar\u00e0 attivo il servizio delle linee BM&nbsp;<a href=\"https:\/\/www.amt.genova.it\/amt\/linee-amt-per-lincontro-di-calcio-genoa-cagliari\/\" class=\"read-more\">Continue Reading<\/a>","protected":false},"author":2,"featured_media":18702,"comment_status":"closed","ping_status":"open","sticky":false,"template":"","format":"standard","meta":{"footnotes":""},"categories":[4,1],"tags":[],"class_list":["post-32727","post","type-post","status-publish","format-standard","has-post-thumbnail","hentry","category-notizie","category-senza-categoria","cat-4-id","cat-1-id"],"_links":{"self":[{"href":"https:\/\/www.amt.genova.it\/amt\/wp-json\/wp\/v2\/posts\/32727","targetHints":{"allow":["GET"]}}],"collection":[{"href":"https:\/\/www.amt.genova.it\/amt\/wp-json\/wp\/v2\/posts"}],"about":[{"href":"https:\/\/www.amt.genova.it\/amt\/wp-json\/wp\/v2\/types\/post"}],"author":[{"embeddable":true,"href":"https:\/\/www.amt.genova.it\/amt\/wp-json\/wp\/v2\/users\/2"}],"replies":[{"embeddable":true,"href":"https:\/\/www.amt.genova.it\/amt\/wp-json\/wp\/v2\/comments?post=32727"}],"version-history":[{"count":1,"href":"https:\/\/www.amt.genova.it\/amt\/wp-json\/wp\/v2\/posts\/32727\/revisions"}],"predecessor-version":[{"id":32728,"href":"https:\/\/www.amt.genova.it\/amt\/wp-json\/wp\/v2\/posts\/32727\/revisions\/32728"}],"wp:featuredmedia":[{"embeddable":true,"href":"https:\/\/www.amt.genova.it\/amt\/wp-json\/wp\/v2\/media\/18702"}],"wp:attachment":[{"href":"https:\/\/www.amt.genova.it\/amt\/wp-json\/wp\/v2\/media?parent=32727"}],"wp:term":[{"taxonomy":"category","embeddable":true,"href":"https:\/\/www.amt.genova.it\/amt\/wp-json\/wp\/v2\/categories?post=32727"},{"taxonomy":"post_tag","embeddable":true,"href":"https:\/\/www.amt.genova.it\/amt\/wp-json\/wp\/v2\/tags?post=32727"}],"curies":[{"name":"wp","href":"https:\/\/api.w.org\/{rel}","templated":true}]}}