{"id":32464,"date":"2022-04-10T18:27:48","date_gmt":"2022-04-10T16:27:48","guid":{"rendered":"https:\/\/www.amt.genova.it\/amt\/?p=32464"},"modified":"2022-04-15T13:38:17","modified_gmt":"2022-04-15T11:38:17","slug":"ferrovia-genova-casella-modalita-di-svolgimento-del-servizio-da-lunedi-11-a-venerdi-15-aprile","status":"publish","type":"post","link":"https:\/\/www.amt.genova.it\/amt\/ferrovia-genova-casella-modalita-di-svolgimento-del-servizio-da-lunedi-11-a-venerdi-15-aprile\/","title":{"rendered":"Ferrovia Genova &#8211; Casella modalit\u00e0 di svolgimento del servizio da luned\u00ec 11 a venerd\u00ec 15 aprile"},"content":{"rendered":"<p style=\"font-weight: 400;\"><strong>D<\/strong><strong style=\"font-weight: 400;\">a luned\u00ec 11 a venerd\u00ec 15 aprile<\/strong>\u00a0il servizio sar\u00e0 svolto in\u00a0<strong style=\"font-weight: 400;\">modalit\u00e0 mista treno e bus sostitutivo<\/strong>\u00a0come di seguito indicato.<\/p>\n<ul>\n<li style=\"font-weight: 400;\">\u00a0Corse effettuate\u00a0<strong>con il treno<\/strong>: partenze\u00a0<strong>da Casella<\/strong>\u00a0delle ore 6.20 - 7.27- 8.52 -10.38 - 13.15 - 16.38 e\u00a0<strong>da Genova<\/strong>\u00a0delle ore 7.35 - 9.00 - 12.08 - 13.23 - 14.30 - 18.00.<\/li>\n<li style=\"font-weight: 400;\">\u00a0Corse effettuate con il\u00a0<strong>bus sostitutivo<\/strong>: partenze\u00a0<strong>da Casella<\/strong>\u00a0delle ore 14.58 - 18.08 - 19.27 e\u00a0<strong>da Genova<\/strong>\u00a0delle ore 10.30 - 16.46 - 19.35.<\/li>\n<\/ul>\n<p style=\"font-weight: 400;\">Questa modalit\u00e0 di servizio \u00e8 dovuta a situazioni legate all\u2019emergenza Covid.<\/p>\n<p style=\"font-weight: 400;\">\n ","protected":false},"excerpt":{"rendered":"Da luned\u00ec 11 a venerd\u00ec 15 aprile\u00a0il servizio sar\u00e0 svolto in\u00a0modalit\u00e0 mista treno e bus sostitutivo\u00a0come di seguito indicato. \u00a0Corse effettuate\u00a0con il treno: partenze\u00a0da Casella\u00a0delle ore 6.20 - 7.27- 8.52 -10.38 - 13.15 - 16.38 e\u00a0da Genova\u00a0delle ore 7.35 - 9.00 - 12.08 - 13.23 - 14.30 - 18.00. \u00a0Corse effettuate con il\u00a0bus sostitutivo: partenze\u00a0da Casella\u00a0delle ore 14.58 - 18.08&nbsp;<a href=\"https:\/\/www.amt.genova.it\/amt\/ferrovia-genova-casella-modalita-di-svolgimento-del-servizio-da-lunedi-11-a-venerdi-15-aprile\/\" class=\"read-more\">Continue Reading<\/a>","protected":false},"author":2,"featured_media":18973,"comment_status":"closed","ping_status":"open","sticky":false,"template":"","format":"standard","meta":{"footnotes":""},"categories":[4,1],"tags":[],"class_list":["post-32464","post","type-post","status-publish","format-standard","has-post-thumbnail","hentry","category-notizie","category-senza-categoria","cat-4-id","cat-1-id"],"_links":{"self":[{"href":"https:\/\/www.amt.genova.it\/amt\/wp-json\/wp\/v2\/posts\/32464","targetHints":{"allow":["GET"]}}],"collection":[{"href":"https:\/\/www.amt.genova.it\/amt\/wp-json\/wp\/v2\/posts"}],"about":[{"href":"https:\/\/www.amt.genova.it\/amt\/wp-json\/wp\/v2\/types\/post"}],"author":[{"embeddable":true,"href":"https:\/\/www.amt.genova.it\/amt\/wp-json\/wp\/v2\/users\/2"}],"replies":[{"embeddable":true,"href":"https:\/\/www.amt.genova.it\/amt\/wp-json\/wp\/v2\/comments?post=32464"}],"version-history":[{"count":3,"href":"https:\/\/www.amt.genova.it\/amt\/wp-json\/wp\/v2\/posts\/32464\/revisions"}],"predecessor-version":[{"id":32576,"href":"https:\/\/www.amt.genova.it\/amt\/wp-json\/wp\/v2\/posts\/32464\/revisions\/32576"}],"wp:featuredmedia":[{"embeddable":true,"href":"https:\/\/www.amt.genova.it\/amt\/wp-json\/wp\/v2\/media\/18973"}],"wp:attachment":[{"href":"https:\/\/www.amt.genova.it\/amt\/wp-json\/wp\/v2\/media?parent=32464"}],"wp:term":[{"taxonomy":"category","embeddable":true,"href":"https:\/\/www.amt.genova.it\/amt\/wp-json\/wp\/v2\/categories?post=32464"},{"taxonomy":"post_tag","embeddable":true,"href":"https:\/\/www.amt.genova.it\/amt\/wp-json\/wp\/v2\/tags?post=32464"}],"curies":[{"name":"wp","href":"https:\/\/api.w.org\/{rel}","templated":true}]}}