{"id":32310,"date":"2022-04-01T05:29:56","date_gmt":"2022-04-01T03:29:56","guid":{"rendered":"https:\/\/www.amt.genova.it\/amt\/?p=32310"},"modified":"2022-04-01T05:31:16","modified_gmt":"2022-04-01T03:31:16","slug":"trasporto-pubblico-locale-nuove-modalita-di-viaggio-da-venerdi-1-aprile","status":"publish","type":"post","link":"https:\/\/www.amt.genova.it\/amt\/trasporto-pubblico-locale-nuove-modalita-di-viaggio-da-venerdi-1-aprile\/","title":{"rendered":"Trasporto Pubblico Locale: nuove regole di viaggio da venerd\u00ec 1\u00b0 aprile"},"content":{"rendered":"<p>A partire da venerd\u00ec 1\u00b0 aprile, secondo le nuove disposizioni, per viaggiare sul Trasporto Pubblico Locale non servir\u00e0 pi\u00f9 il Green Pass ma rimarr\u00e0 l\u2019obbligo di indossare la mascherina FFP2, coprendo correttamente naso e bocca.<br \/>\nAnche per accedere alle biglietterie aziendali non sar\u00e0 necessario essere in possesso di certificazione verde ma si dovr\u00e0 sempre indossare la mascherina.<\/p>\n<p>Nonostante la conclusione dello stato di emergenza, l\u2019azienda ha deciso di mantenere inalterato, e quindi sui massimi livelli, il programma di sanificazione dei mezzi adibiti al servizio al pubblico. Rimarranno in vigore, inoltre, alcune prassi fondamentali ai fini della prevenzione: i finestrini indicati da appositi adesivi dovranno rimanere sempre aperti per un efficace ricircolo dell\u2019aria e la salita e la discesa dai mezzi sar\u00e0 regolamentata come avviene oggi per gestire al meglio i flussi dei passeggeri.<\/p>\n ","protected":false},"excerpt":{"rendered":"A partire da venerd\u00ec 1\u00b0 aprile, secondo le nuove disposizioni, per viaggiare sul Trasporto Pubblico Locale non servir\u00e0 pi\u00f9 il Green Pass ma rimarr\u00e0 l\u2019obbligo di indossare la mascherina FFP2, coprendo correttamente naso e bocca. Anche per accedere alle biglietterie aziendali non sar\u00e0 necessario essere in possesso di certificazione verde ma si dovr\u00e0 sempre indossare la mascherina. Nonostante la conclusione&nbsp;<a href=\"https:\/\/www.amt.genova.it\/amt\/trasporto-pubblico-locale-nuove-modalita-di-viaggio-da-venerdi-1-aprile\/\" class=\"read-more\">Continue Reading<\/a>","protected":false},"author":2,"featured_media":27649,"comment_status":"closed","ping_status":"open","sticky":false,"template":"","format":"standard","meta":{"footnotes":""},"categories":[56,4,1],"tags":[],"class_list":["post-32310","post","type-post","status-publish","format-standard","has-post-thumbnail","hentry","category-homepage","category-notizie","category-senza-categoria","cat-56-id","cat-4-id","cat-1-id"],"_links":{"self":[{"href":"https:\/\/www.amt.genova.it\/amt\/wp-json\/wp\/v2\/posts\/32310","targetHints":{"allow":["GET"]}}],"collection":[{"href":"https:\/\/www.amt.genova.it\/amt\/wp-json\/wp\/v2\/posts"}],"about":[{"href":"https:\/\/www.amt.genova.it\/amt\/wp-json\/wp\/v2\/types\/post"}],"author":[{"embeddable":true,"href":"https:\/\/www.amt.genova.it\/amt\/wp-json\/wp\/v2\/users\/2"}],"replies":[{"embeddable":true,"href":"https:\/\/www.amt.genova.it\/amt\/wp-json\/wp\/v2\/comments?post=32310"}],"version-history":[{"count":2,"href":"https:\/\/www.amt.genova.it\/amt\/wp-json\/wp\/v2\/posts\/32310\/revisions"}],"predecessor-version":[{"id":32312,"href":"https:\/\/www.amt.genova.it\/amt\/wp-json\/wp\/v2\/posts\/32310\/revisions\/32312"}],"wp:featuredmedia":[{"embeddable":true,"href":"https:\/\/www.amt.genova.it\/amt\/wp-json\/wp\/v2\/media\/27649"}],"wp:attachment":[{"href":"https:\/\/www.amt.genova.it\/amt\/wp-json\/wp\/v2\/media?parent=32310"}],"wp:term":[{"taxonomy":"category","embeddable":true,"href":"https:\/\/www.amt.genova.it\/amt\/wp-json\/wp\/v2\/categories?post=32310"},{"taxonomy":"post_tag","embeddable":true,"href":"https:\/\/www.amt.genova.it\/amt\/wp-json\/wp\/v2\/tags?post=32310"}],"curies":[{"name":"wp","href":"https:\/\/api.w.org\/{rel}","templated":true}]}}