{"id":32162,"date":"2022-03-18T16:44:38","date_gmt":"2022-03-18T15:44:38","guid":{"rendered":"https:\/\/www.amt.genova.it\/amt\/?p=32162"},"modified":"2022-03-26T11:18:05","modified_gmt":"2022-03-26T10:18:05","slug":"da-lunedi-21-a-venerdi-25-marzo-chiusura-notturna-di-corso-mameli-a-rapallo","status":"publish","type":"post","link":"https:\/\/www.amt.genova.it\/amt\/da-lunedi-21-a-venerdi-25-marzo-chiusura-notturna-di-corso-mameli-a-rapallo\/","title":{"rendered":"Da luned\u00ec 21 a venerd\u00ec 25 marzo chiusura notturna di Corso Mameli a Rapallo"},"content":{"rendered":"<p>Si informa che <strong>da luned\u00ec 21 a venerd\u00ec 25 marzo<\/strong> Corso Mameli, a Rapallo, verr\u00e0 chiuso al traffico veicolare ogni notte, <strong>dalle ore 21:00 alle ore 5:00 del giorno successivo<\/strong>. Contestualmente alla chiusura della strada, tutte le corse in transito, una volta giunte al capolinea di Rapallo FS \/ Piazza delle Nazioni, percorreranno Via della Libert\u00e0 anzich\u00e9 Via Lamarmora.<\/p>\n ","protected":false},"excerpt":{"rendered":"Si informa che da luned\u00ec 21 a venerd\u00ec 25 marzo Corso Mameli, a Rapallo, verr\u00e0 chiuso al traffico veicolare ogni notte, dalle ore 21:00 alle ore 5:00 del giorno successivo. Contestualmente alla chiusura della strada, tutte le corse in transito, una volta giunte al capolinea di Rapallo FS \/ Piazza delle Nazioni, percorreranno Via della Libert\u00e0 anzich\u00e9 Via Lamarmora.","protected":false},"author":2,"featured_media":30787,"comment_status":"closed","ping_status":"open","sticky":false,"template":"","format":"standard","meta":{"footnotes":""},"categories":[4,65],"tags":[],"class_list":["post-32162","post","type-post","status-publish","format-standard","has-post-thumbnail","hentry","category-notizie","category-provinciale","cat-4-id","cat-65-id"],"_links":{"self":[{"href":"https:\/\/www.amt.genova.it\/amt\/wp-json\/wp\/v2\/posts\/32162","targetHints":{"allow":["GET"]}}],"collection":[{"href":"https:\/\/www.amt.genova.it\/amt\/wp-json\/wp\/v2\/posts"}],"about":[{"href":"https:\/\/www.amt.genova.it\/amt\/wp-json\/wp\/v2\/types\/post"}],"author":[{"embeddable":true,"href":"https:\/\/www.amt.genova.it\/amt\/wp-json\/wp\/v2\/users\/2"}],"replies":[{"embeddable":true,"href":"https:\/\/www.amt.genova.it\/amt\/wp-json\/wp\/v2\/comments?post=32162"}],"version-history":[{"count":1,"href":"https:\/\/www.amt.genova.it\/amt\/wp-json\/wp\/v2\/posts\/32162\/revisions"}],"predecessor-version":[{"id":32163,"href":"https:\/\/www.amt.genova.it\/amt\/wp-json\/wp\/v2\/posts\/32162\/revisions\/32163"}],"wp:featuredmedia":[{"embeddable":true,"href":"https:\/\/www.amt.genova.it\/amt\/wp-json\/wp\/v2\/media\/30787"}],"wp:attachment":[{"href":"https:\/\/www.amt.genova.it\/amt\/wp-json\/wp\/v2\/media?parent=32162"}],"wp:term":[{"taxonomy":"category","embeddable":true,"href":"https:\/\/www.amt.genova.it\/amt\/wp-json\/wp\/v2\/categories?post=32162"},{"taxonomy":"post_tag","embeddable":true,"href":"https:\/\/www.amt.genova.it\/amt\/wp-json\/wp\/v2\/tags?post=32162"}],"curies":[{"name":"wp","href":"https:\/\/api.w.org\/{rel}","templated":true}]}}