{"id":31949,"date":"2022-03-01T14:31:46","date_gmt":"2022-03-01T13:31:46","guid":{"rendered":"https:\/\/www.amt.genova.it\/amt\/?p=31949"},"modified":"2022-03-01T14:42:20","modified_gmt":"2022-03-01T13:42:20","slug":"novita-sulla-linea-715-chiavari-genova-da-lunedi-28-febbario","status":"publish","type":"post","link":"https:\/\/www.amt.genova.it\/amt\/novita-sulla-linea-715-chiavari-genova-da-lunedi-28-febbario\/","title":{"rendered":"Novit\u00e0 sulla linea 715 Chiavari &#8211; Genova da luned\u00ec 28 febbario"},"content":{"rendered":"<p>Da luned\u00ec 28 febbraio la linea 715 Chiavari - Genova presenta le seguenti novit\u00e0:<\/p>\n<p>- la corsa feriale scolastica (escluso sabato) delle 13:56 da Genova Prato per Monleone parte da Genova Brignole alle 13:30;<\/p>\n<p>- la corsa feriale scolastica (escluso sabato) delle 14:56 da Genova Prato per Chiavari parte da Genova Brignole alle 14:30;<\/p>\n<p>- la corsa feriale delle 6:40 da Genova Prato per Brignole \u00e8 soppressa.<\/p>\n<p><a href=\"https:\/\/www.amt.genova.it\/amt\/orari\/TC\/715_provvisorio.pdf\">Orario linea 715 da luned\u00ec 28 febbraio<\/a><\/p>\n ","protected":false},"excerpt":{"rendered":"Da luned\u00ec 28 febbraio la linea 715 Chiavari - Genova presenta le seguenti novit\u00e0: - la corsa feriale scolastica (escluso sabato) delle 13:56 da Genova Prato per Monleone parte da Genova Brignole alle 13:30; - la corsa feriale scolastica (escluso sabato) delle 14:56 da Genova Prato per Chiavari parte da Genova Brignole alle 14:30; - la corsa feriale delle 6:40&nbsp;<a href=\"https:\/\/www.amt.genova.it\/amt\/novita-sulla-linea-715-chiavari-genova-da-lunedi-28-febbario\/\" class=\"read-more\">Continue Reading<\/a>","protected":false},"author":2,"featured_media":30847,"comment_status":"closed","ping_status":"open","sticky":false,"template":"","format":"standard","meta":{"footnotes":""},"categories":[56,4,65],"tags":[],"class_list":["post-31949","post","type-post","status-publish","format-standard","has-post-thumbnail","hentry","category-homepage","category-notizie","category-provinciale","cat-56-id","cat-4-id","cat-65-id"],"_links":{"self":[{"href":"https:\/\/www.amt.genova.it\/amt\/wp-json\/wp\/v2\/posts\/31949","targetHints":{"allow":["GET"]}}],"collection":[{"href":"https:\/\/www.amt.genova.it\/amt\/wp-json\/wp\/v2\/posts"}],"about":[{"href":"https:\/\/www.amt.genova.it\/amt\/wp-json\/wp\/v2\/types\/post"}],"author":[{"embeddable":true,"href":"https:\/\/www.amt.genova.it\/amt\/wp-json\/wp\/v2\/users\/2"}],"replies":[{"embeddable":true,"href":"https:\/\/www.amt.genova.it\/amt\/wp-json\/wp\/v2\/comments?post=31949"}],"version-history":[{"count":4,"href":"https:\/\/www.amt.genova.it\/amt\/wp-json\/wp\/v2\/posts\/31949\/revisions"}],"predecessor-version":[{"id":31953,"href":"https:\/\/www.amt.genova.it\/amt\/wp-json\/wp\/v2\/posts\/31949\/revisions\/31953"}],"wp:featuredmedia":[{"embeddable":true,"href":"https:\/\/www.amt.genova.it\/amt\/wp-json\/wp\/v2\/media\/30847"}],"wp:attachment":[{"href":"https:\/\/www.amt.genova.it\/amt\/wp-json\/wp\/v2\/media?parent=31949"}],"wp:term":[{"taxonomy":"category","embeddable":true,"href":"https:\/\/www.amt.genova.it\/amt\/wp-json\/wp\/v2\/categories?post=31949"},{"taxonomy":"post_tag","embeddable":true,"href":"https:\/\/www.amt.genova.it\/amt\/wp-json\/wp\/v2\/tags?post=31949"}],"curies":[{"name":"wp","href":"https:\/\/api.w.org\/{rel}","templated":true}]}}