{"id":31665,"date":"2022-02-16T14:43:40","date_gmt":"2022-02-16T13:43:40","guid":{"rendered":"https:\/\/www.amt.genova.it\/amt\/?p=31665"},"modified":"2022-02-18T16:41:42","modified_gmt":"2022-02-18T15:41:42","slug":"servizio-si-trasporto-provinciale-variazioni-temporanee-delle-linee-864-e-865","status":"publish","type":"post","link":"https:\/\/www.amt.genova.it\/amt\/servizio-si-trasporto-provinciale-variazioni-temporanee-delle-linee-864-e-865\/","title":{"rendered":"Servizio di trasporto provinciale &#8211; Variazioni temporanee delle linee 864 e 865"},"content":{"rendered":"<p>Gioved\u00ec 17 e venerd\u00ec 18 febbraio sar\u00e0 chiuso al transito veicolare il tratto di strada tra Villa Carmelo e San Bernardo chiesa nel Comune di Sestri Levante, dalle 8.30 alle 12.30 e dalle ore 13.30 alle ore 17.00. Pertanto, la corsa della linea 865 delle 8.15 da S. Vittoria e la corsa della linea 864 delle ore 11.00 da Sestri L. Fs transiteranno per via Santa Vittoria \u2013 Loto sia all' andata che al ritorno.<br \/>\nServizio regolare per le corse riservate al trasporto scolastico.<\/p>\n ","protected":false},"excerpt":{"rendered":"Gioved\u00ec 17 e venerd\u00ec 18 febbraio sar\u00e0 chiuso al transito veicolare il tratto di strada tra Villa Carmelo e San Bernardo chiesa nel Comune di Sestri Levante, dalle 8.30 alle 12.30 e dalle ore 13.30 alle ore 17.00. Pertanto, la corsa della linea 865 delle 8.15 da S. Vittoria e la corsa della linea 864 delle ore 11.00 da Sestri&nbsp;<a href=\"https:\/\/www.amt.genova.it\/amt\/servizio-si-trasporto-provinciale-variazioni-temporanee-delle-linee-864-e-865\/\" class=\"read-more\">Continue Reading<\/a>","protected":false},"author":2,"featured_media":25007,"comment_status":"closed","ping_status":"open","sticky":false,"template":"","format":"standard","meta":{"footnotes":""},"categories":[4,65],"tags":[],"class_list":["post-31665","post","type-post","status-publish","format-standard","has-post-thumbnail","hentry","category-notizie","category-provinciale","cat-4-id","cat-65-id"],"_links":{"self":[{"href":"https:\/\/www.amt.genova.it\/amt\/wp-json\/wp\/v2\/posts\/31665","targetHints":{"allow":["GET"]}}],"collection":[{"href":"https:\/\/www.amt.genova.it\/amt\/wp-json\/wp\/v2\/posts"}],"about":[{"href":"https:\/\/www.amt.genova.it\/amt\/wp-json\/wp\/v2\/types\/post"}],"author":[{"embeddable":true,"href":"https:\/\/www.amt.genova.it\/amt\/wp-json\/wp\/v2\/users\/2"}],"replies":[{"embeddable":true,"href":"https:\/\/www.amt.genova.it\/amt\/wp-json\/wp\/v2\/comments?post=31665"}],"version-history":[{"count":2,"href":"https:\/\/www.amt.genova.it\/amt\/wp-json\/wp\/v2\/posts\/31665\/revisions"}],"predecessor-version":[{"id":31667,"href":"https:\/\/www.amt.genova.it\/amt\/wp-json\/wp\/v2\/posts\/31665\/revisions\/31667"}],"wp:featuredmedia":[{"embeddable":true,"href":"https:\/\/www.amt.genova.it\/amt\/wp-json\/wp\/v2\/media\/25007"}],"wp:attachment":[{"href":"https:\/\/www.amt.genova.it\/amt\/wp-json\/wp\/v2\/media?parent=31665"}],"wp:term":[{"taxonomy":"category","embeddable":true,"href":"https:\/\/www.amt.genova.it\/amt\/wp-json\/wp\/v2\/categories?post=31665"},{"taxonomy":"post_tag","embeddable":true,"href":"https:\/\/www.amt.genova.it\/amt\/wp-json\/wp\/v2\/tags?post=31665"}],"curies":[{"name":"wp","href":"https:\/\/api.w.org\/{rel}","templated":true}]}}