{"id":31592,"date":"2022-02-11T17:41:14","date_gmt":"2022-02-11T16:41:14","guid":{"rendered":"https:\/\/www.amt.genova.it\/amt\/?p=31592"},"modified":"2022-02-11T18:18:44","modified_gmt":"2022-02-11T17:18:44","slug":"comunicato-stampa-anci-al-via-da-lunedi-14-il-servizio-sperimentale-bus-a-chiamata-in-val-graveglia","status":"publish","type":"post","link":"https:\/\/www.amt.genova.it\/amt\/comunicato-stampa-anci-al-via-da-lunedi-14-il-servizio-sperimentale-bus-a-chiamata-in-val-graveglia\/","title":{"rendered":"Al via da luned\u00ec 14 febbraio il servizio sperimentale \u2018Chiama il bus\u2019 in Val Graveglia"},"content":{"rendered":"<p><strong>Area interna Valli dell\u2019Antola e del Tigullio: al via da luned\u00ec il servizio sperimentale \u2018bus a chiamata\u2019 in Val Graveglia<\/strong><\/p>\n<p>Partir\u00e0 luned\u00ec 14 febbraio 2022 la sperimentazione del <strong>minibus a chiamata nell\u2019area interna Valli dell\u2019Antola e del Tigullio<\/strong>, un servizio pubblico flessibile e modulato sulla base delle esigenze dei cittadini che abitano nelle zone pi\u00f9 interne della Citt\u00e0 metropolitana di Genova. Il progetto rientra tra gli obiettivi per il miglioramento della mobilit\u00e0 previsti dalla Strategia di Area. L\u2019intervento \u00e8 stato finanziato nell\u2019ambito della <strong>Strategia Nazionale per le Aree Interne<\/strong> (<strong>SNAI<\/strong>), che prevede azioni mirate sui territori per garantire standard minimi di servizi pubblici ai cittadini che abitano nelle zone periferiche. Il trasporto a chiamata \u00e8 uno degli strumenti di trasporto pubblico locale pi\u00f9 potenti a supporto della <strong>mobilit\u00e0 sostenibile<\/strong>: totalmente personalizzato, senza orari e corse prefissati, calibrato sulle reali esigenze dell\u2019utenza, particolarmente adatto per i servizi a bassa domanda, con origine e destinazione scelte di volta in volta. Le nuove tecnologie consentono in prospettiva flessibilit\u00e0 di servizio e ottimizzazione dei percorsi prima non realizzabili.<\/p>\n<p>Dopo un importante percorso di condivisione con i <strong>Sindaci<\/strong>, <strong>Regione Liguria<\/strong> e\u00a0<strong>AMT<\/strong>, nel corso del quale <strong>Anci Liguria,<\/strong> nella persona del coordinatore tecnico delle aree interne liguri <strong>Pierluigi Vinai,<\/strong> ha avuto un ruolo chiave di facilitatore, il <strong>C.I.E.L.I.<\/strong> (Centro Italiano di Eccellenza sulla Logistica e trasporti e le Infrastrutture) dell\u2019Universit\u00e0 di Genova ha realizzato uno studio di fattibilit\u00e0, il quale ha consentito di individuare le prime linee da attivare sul territorio, pi\u00f9 rispondenti alle esigenze dei cittadini dell\u2019entroterra. Nello specifico lo studio ha individuato le seguenti aree:<\/p>\n<p>- <strong>Alta Val Bisagno<\/strong>, con le frazioni di Terrusso, Viganego, Cisiano, Marsiglia e Capenardo con <strong>Bargagli<\/strong>;<\/p>\n<p>- <strong>Val Graveglia<\/strong> con le frazioni di Camminata, Frisolino, Pian di fieno, Chiesanuova, Casedogana, Pontori, Castagnola con la frazione Conscenti, punto di interscambio per poter poi agevolmente raggiungere le localit\u00e0 vicine di Lavagna, Chiavari e Carasco attraverso il trasporto pubblico di linea;<\/p>\n<p><strong>- Val D\u2019Aveto\/Valle Stura Santo Stefano d\u2019Aveto<\/strong> con Gavadi, Amborzasco e Ascona; <strong>Rezzoaglio<\/strong> con Villanoce, Alpepiana e Parazzuolo.<\/p>\n<p><strong>Da luned\u00ec 14 febbraio sar\u00e0 possibile effettuare le prenotazioni per usufruire del primo servizio sperimentale, attivo nel Comune di Ne in Val Graveglia,<\/strong> mentre gli altri, a copertura di frazioni e nuclei isolati, saranno attivati nei prossimi mesi.<\/p>\n<p>Il servizio di bus a chiamata su Ne sar\u00e0 attivo <strong>dal luned\u00ec al sabato dalle 7 alle 19<\/strong>. La prenotazione della corsa dovr\u00e0 essere effettuata entro le 12 del giorno precedente, chiamando il <strong>numero verde<\/strong> <strong>800.499999<\/strong>, operativo dal luned\u00ec al sabato dalle 8 alle 12.<\/p>\n<p>\u201cE\u2019 una grande soddisfazione vedere finalmente l\u2019attuazione di questa parte della Strategia di Area che riguarda il potenziamento del trasporto pubblico locale in zone ad oggi non coperte dal servizio \u2013 afferma <strong>Giuseppino Maschio<\/strong>, Sindaco di Borzonasca e referente dell\u2019area interna Valli dell\u2019Antola e del Tigullio \u2013 Si tratta di un servizio molto importante, che va incontro alle esigenze soprattutto delle fasce pi\u00f9 deboli, come le persone anziane, che spesso non hanno a disposizione mezzi di trasporto per potersi muovere e vivono in posti isolati\u201d.<\/p>\n<p>\u201cI servizi a chiamata, con la possibilit\u00e0 che hanno di servire puntualmente il territorio, rappresentano la maggiore opportunit\u00e0 di potenziare il servizio nel nostro entroterra \u2013 dichiara <strong>Marco Beltrami<\/strong>, Presidente AMT \u2013 Come azienda crediamo nel potenziale di sviluppo di questa offerta in ambito urbano ed extraurbano e ringraziamo Anci, Citt\u00e0 metropolitana, Regione e tutti i Sindaci coinvolti per il lavoro svolto insieme, che ci consente di partire oggi con questo progetto e a seguire con gli altri\u201d.<\/p>\n<p>\"Avviamo la sperimentazione del servizio di trasporto pubblico a chiamata per le Valli dell'Antola e del Tigullio, che parte dal Comune di Ne, grazie alle risorse della Strategia Nazionale Aree Interne \u2013 afferma l'Assessore regionale ai Trasporti <strong>Gianni Berrino<\/strong> \u2013 Compito della Regione sar\u00e0 di fungere da coordinamento del quadro complessivo di questo progetto che nasce a seguito della richiesta, da parte dell'utenza, di avere la possibilit\u00e0 di usufruire di corse al di fuori delle fasce di punta che continueranno comunque ad essere garantite dal servizio tradizionale\".<\/p>\n<p>\"La mobilit\u00e0 pubblica \u00e8 fattore essenziale per poter vivere e lavorare anche nel nostro entroterra \u2013 sottolinea l'Assessore regionale allo Sviluppo economico <strong>Andrea Benveduti<\/strong> \u2013 La particolare conformazione delle aree interne impone di progettare soluzioni di mobilit\u00e0 flessibili che permettano di rispondere in maniera efficiente alla domanda locale di trasporto permettendo la sostenibilit\u00e0 dell\u2019erogazione del servizio. Questo intervento, finanziato su legge di stabilit\u00e0, ben si inserisce nel pacchetto di risorse che, come assessorato allo Sviluppo economico, abbiamo stanziato per il potenziamento dei servizi delle Valli dell'Antola e del Tigullio, specie in tema di efficientamento energetico degli edifici pubblici\".<\/p>\n<p><em>\u201c<\/em>Grazie a questa iniziativa serviremo delle frazioni al momento sprovviste di trasporto pubblico locale \u2013 afferma <strong>Francesca Garibaldi<\/strong>, Sindaco di Ne \u2013 Una cosa importante \u00e8 che il minibus, nel caso di persone disabili, in convenzione con la Asl, potr\u00e0 trasportarle direttamente ai poli sanitari del comprensorio, ovvero Lavagna, Chiavari, Rapallo e Sestri Levante. Finalmente anche i piccoli paesini vengono ascoltati\u201d.<\/p>\n<p>Comunicato stampa ANCI<\/p>\n<p><a href=\"\/amt\/wp-content\/uploads\/2022\/02\/volantino_Val_Graveglia.jpeg\">Visualizza il depliant \"Chiama il bus in Val Graveglia\"<\/a><\/p>\n ","protected":false},"excerpt":{"rendered":"Area interna Valli dell\u2019Antola e del Tigullio: al via da luned\u00ec il servizio sperimentale \u2018bus a chiamata\u2019 in Val Graveglia Partir\u00e0 luned\u00ec 14 febbraio 2022 la sperimentazione del minibus a chiamata nell\u2019area interna Valli dell\u2019Antola e del Tigullio, un servizio pubblico flessibile e modulato sulla base delle esigenze dei cittadini che abitano nelle zone pi\u00f9 interne della Citt\u00e0 metropolitana di&nbsp;<a href=\"https:\/\/www.amt.genova.it\/amt\/comunicato-stampa-anci-al-via-da-lunedi-14-il-servizio-sperimentale-bus-a-chiamata-in-val-graveglia\/\" class=\"read-more\">Continue Reading<\/a>","protected":false},"author":2,"featured_media":31591,"comment_status":"closed","ping_status":"open","sticky":false,"template":"","format":"standard","meta":{"footnotes":""},"categories":[56,4,65],"tags":[],"class_list":["post-31592","post","type-post","status-publish","format-standard","has-post-thumbnail","hentry","category-homepage","category-notizie","category-provinciale","cat-56-id","cat-4-id","cat-65-id"],"_links":{"self":[{"href":"https:\/\/www.amt.genova.it\/amt\/wp-json\/wp\/v2\/posts\/31592","targetHints":{"allow":["GET"]}}],"collection":[{"href":"https:\/\/www.amt.genova.it\/amt\/wp-json\/wp\/v2\/posts"}],"about":[{"href":"https:\/\/www.amt.genova.it\/amt\/wp-json\/wp\/v2\/types\/post"}],"author":[{"embeddable":true,"href":"https:\/\/www.amt.genova.it\/amt\/wp-json\/wp\/v2\/users\/2"}],"replies":[{"embeddable":true,"href":"https:\/\/www.amt.genova.it\/amt\/wp-json\/wp\/v2\/comments?post=31592"}],"version-history":[{"count":7,"href":"https:\/\/www.amt.genova.it\/amt\/wp-json\/wp\/v2\/posts\/31592\/revisions"}],"predecessor-version":[{"id":31603,"href":"https:\/\/www.amt.genova.it\/amt\/wp-json\/wp\/v2\/posts\/31592\/revisions\/31603"}],"wp:featuredmedia":[{"embeddable":true,"href":"https:\/\/www.amt.genova.it\/amt\/wp-json\/wp\/v2\/media\/31591"}],"wp:attachment":[{"href":"https:\/\/www.amt.genova.it\/amt\/wp-json\/wp\/v2\/media?parent=31592"}],"wp:term":[{"taxonomy":"category","embeddable":true,"href":"https:\/\/www.amt.genova.it\/amt\/wp-json\/wp\/v2\/categories?post=31592"},{"taxonomy":"post_tag","embeddable":true,"href":"https:\/\/www.amt.genova.it\/amt\/wp-json\/wp\/v2\/tags?post=31592"}],"curies":[{"name":"wp","href":"https:\/\/api.w.org\/{rel}","templated":true}]}}